{"id":24550,"date":"2026-04-25T03:25:00","date_gmt":"2026-04-25T01:25:00","guid":{"rendered":"https:\/\/test.cfdfeaservice.it\/index.php\/2026\/04\/25\/il-design-incontra-la-sicurezza-stradale-con-la-nuova-collezione-di-arredo\/"},"modified":"2026-04-25T03:25:00","modified_gmt":"2026-04-25T01:25:00","slug":"il-design-incontra-la-sicurezza-stradale-con-la-nuova-collezione-di-arredo","status":"publish","type":"post","link":"https:\/\/test.cfdfeaservice.it\/index.php\/2026\/04\/25\/il-design-incontra-la-sicurezza-stradale-con-la-nuova-collezione-di-arredo\/","title":{"rendered":"Il design incontra la sicurezza stradale con la nuova collezione di arredo"},"content":{"rendered":"<div>\n<div style=\"margin: 5px 5% 10px 5%;\"><img loading=\"lazy\" src=\"https:\/\/i1.wp.com\/static.tecnichenuove.it\/ilprogettistaindustriale\/2026\/04\/MOTOCHAIR-e-MOTOLIGHT-1.jpg?resize=750%2C531&#038;ssl=1\" width=\"750\" height=\"531\" title=\"\" alt=\"\" data-recalc-dims=\"1\"><\/div>\n<div>\n<p><strong>Dall\u2019iconica motocicletta simbolo dell\u2019Associazione nascono Motochair e Motolight: sedute e lampade d\u2019autore firmate Spagnolo Desing per diffondere la cultura della convivenza civica anche nel design.<\/strong><\/p>\n<p>Da quindici anni, <strong>Motomorphosis <\/strong>trasforma la passione per le due ruote in un veicolo di responsabilit\u00e0 sociale. Fondata nel 2009 come Associazione Culturale, l\u2019organizzazione celebra oggi un traguardo importante evolvendo il proprio linguaggio: il messaggio della sicurezza stradale esce dalle strade ed entra nelle case attraverso una linea esclusiva di complementi d\u2019arredo.<\/p>\n<h2 class=\"wp-block-heading\"><strong>Dalla strada al design: l\u2019evoluzione di un simbolo<\/strong><\/h2>\n<p>Il cuore di <strong>Motomorphosis <\/strong>\u00e8 da sempre la sua <strong>maquette simbolo<\/strong>: un prototipo di motocicletta di design, astratta e futuristica, scelto per rappresentare l\u2019utente della strada pi\u00f9 vulnerabile insieme al pedone e agli avventori della micro mobilit\u00e0. Dopo anni di mostre itineranti, collaborazioni istituzionali e il coinvolgimento di artisti di fama mondiale e studenti (coinvolti attraverso il concorso <em>\u201cAccendi la mente, usa le mani\u201d<\/em>), l\u2019Associazione risponde oggi a una richiesta corale della sua community.<\/p>\n<p>Per superare i limiti dimensionali del modello in scala 1:1, il Fondatore e Presidente <strong>Andrea C.C. Ducati, <\/strong>insieme al celebre designer <strong>Pino Spagnolo <\/strong>\u2013 che ha ideato la silhouette originale \u2013 ha dato vita a una collezione che reinterpreta quelle linee iconiche in oggetti di uso quotidiano.<\/p>\n<p>I nuovi elementi di arredo, denominati <strong>Motochair <\/strong>e <strong>Motolight<\/strong>, non sono solo oggetti di design, ma veri e propri manifesti di civilt\u00e0. La collezione comprende: <strong>Guendalina \u2013 <\/strong>un\u2019elegante seduta che unisce ergonomia e linee motoristiche (<strong>Motochair<\/strong>) \u2013 <strong>Adelina: <\/strong>proposta versatile in versione seduta e lampada (<strong>Motochair<\/strong>) e <strong>Duchessa: <\/strong>lampada scultorea (<strong>Motolight<\/strong>) progettata per illuminare ambienti interni ed esterni.<\/p>\n<p><em>\u201cVolevamo che il messaggio di <\/em><strong><em>Motomorphosis <\/em><\/strong><em>potesse essere vissuto anche nella quotidianit\u00e0, nell\u2019intimit\u00e0 casalinga. Una parte del ricavato contribuir\u00e0 a sostenere le attivit\u00e0 educative e didattiche dell\u2019Associazione, trasformando un oggetto di design in un atto di sostegno concreto alla sicurezza e all\u2019educazione stradale e civica di tutti.\u201d <\/em>\u2013 ha dichiarato <strong>Andrea C.C. Ducati <\/strong>\u2013 Fondatore e Presidente di <strong>Motomorphosis<\/strong>.<\/p>\n<p>Il riconoscimento ottenuto da <strong>Motomorphosis <\/strong>in 15 anni l\u2019ha portata a dialogare con i principali Atenei e le massime Istituzioni italiane. La missione resta invariata: promuovere la consapevolezza che la strada \u00e8 un bene comune, un luogo di incontro che merita rispetto e attenzione. Con <strong>Motochair <\/strong>e <strong>Motolight<\/strong>, questa filosofia valica i confini della \u201cstrada\u201d per diventare parte integrante del vivere quotidiano.<\/p>\n<figure class=\"wp-block-image alignright size-large is-resized\"><a href=\"https:\/\/i1.wp.com\/static.tecnichenuove.it\/ilprogettistaindustriale\/2026\/04\/MOTOCHAIR-e-MOTOLIGHT-2.jpg?ssl=1\"><img loading=\"lazy\" fetchpriority=\"high\" decoding=\"async\" width=\"750\" height=\"531\" src=\"https:\/\/i2.wp.com\/static.tecnichenuove.it\/ilprogettistaindustriale\/2026\/04\/MOTOCHAIR-e-MOTOLIGHT-2-1024x725.jpg?resize=750%2C531&#038;ssl=1\" alt=\"\" class=\"wp-image-45952\" style=\"aspect-ratio:1.4124411224873399;width:412px;height:auto\" srcset=\"https:\/\/i2.wp.com\/static.tecnichenuove.it\/ilprogettistaindustriale\/2026\/04\/MOTOCHAIR-e-MOTOLIGHT-2-1024x725.jpg?resize=750%2C531&#038;ssl=1 1024w, https:\/\/static.tecnichenuove.it\/ilprogettistaindustriale\/2026\/04\/MOTOCHAIR-e-MOTOLIGHT-2-300x212.jpg 300w, https:\/\/static.tecnichenuove.it\/ilprogettistaindustriale\/2026\/04\/MOTOCHAIR-e-MOTOLIGHT-2-768x543.jpg 768w, https:\/\/static.tecnichenuove.it\/ilprogettistaindustriale\/2026\/04\/MOTOCHAIR-e-MOTOLIGHT-2-1536x1087.jpg 1536w, https:\/\/static.tecnichenuove.it\/ilprogettistaindustriale\/2026\/04\/MOTOCHAIR-e-MOTOLIGHT-2-2048x1449.jpg 2048w\" sizes=\"(max-width: 1024px) 100vw, 1024px\" data-recalc-dims=\"1\"><\/a><\/figure>\n<p><em>\u201cIn questa collezione, l\u2019energia dinamica del mondo motociclistico si cristallizza in forma statica. Abbiamo voluto sfidare la funzione tradizionale per creare oggetti che non imponessero posture, ma invita a un\u2019interazione libera, quasi ludica, tra corpo e struttura. Queste sedute si pongono al confine tra arredo e scultura, nate per attivare l\u2019istinto e recuperare una libert\u00e0 percettiva che va oltre l\u2019uso convenzionale dello spazio.\u201d <\/em>\u2013 ha dichiarato <strong>Alessandro Spagnolo.<\/strong><\/p>\n<p>Questi oggetti sono un connubio di design, tecnologia e sostenibilit\u00e0, dove l\u2019estetica della forma incontra l\u2019avanguardia industriale. L\u2019eccellenza del design contemporaneo si fonde infatti con la precisione della tecnologia rotazionale utilizzata per dare vita a questi tre nuovi iconici elementi d\u2019arredo: <strong>Guendalina<\/strong>, <strong>Adelina <\/strong>e <strong>Duchessa<\/strong>.<\/p>\n<p>In un\u2019ottica di economia circolare, i prodotti sono realizzati in materialecompletamente riciclabile, promuovendo un approccio consapevole e sostenibile alla produzione industriale. Realizzati in polietilene a media densit\u00e0, questi manufatti non sono semplici oggetti, ma il risultato di un sofisticato processo di trasformazione plastica che eleva il materiale a vera e propria opera funzionale. Ogni pezzo nasce da stampi in alluminio interamente lavorati tramite tecnologia CNC, completati da attrezzaggi di precisione per garantire una costanza qualitativa impeccabile. La scelta dello stampaggio rotazionale permette di ottenere strutture monolitiche con uno spessore di 4\/5 mm, coniugando una straordinaria leggerezza a una resistenza strutturale superiore.<\/p>\n<p>La versatilit\u00e0 della collezione si esprime attraverso finiture superficiali differenziate, studiate per esaltare le peculiarit\u00e0 di ogni modello:<\/p>\n<ul class=\"wp-block-list\">\n<li><strong>Guendalina<\/strong>: caratterizzata da una finitura lucida a specchio di grande impatto visivo, integra una zona sedile con goffratura antiscivolo, unendo eleganza formale e sicurezza d\u2019uso;<\/li>\n<li><strong>Adelina<\/strong>: si presenta con una finitura pallinata fine, ideale per chi ricerca un\u2019estetica tattile raffinata e una morbida diffusione della luce ambientale;<\/li>\n<li><strong>Duchessa<\/strong>: definita da una preziosa finitura satinata, \u00e8 stata progettata specificamente per la versione luminosa, garantendo una diffusione omogenea del fascio luminoso. La palette cromatica spazia attraverso l\u2019intera gamma RAL, con colorazione in massa per garantire profondit\u00e0 e durata nel tempo. Per la versione lampada di <strong>Duchessa<\/strong>, vengono impiegate colorazioni neutre ad alta trasmittanza per dare risalto al suo cuore tecnologico dell\u2019illuminazione integrata. I dispositivi <strong>Imoon <\/strong>\u2013<\/li>\n<\/ul>\n<p>leading player nella progettazione e produzione di soluzioni illuminotecniche per i settori Food &amp; Fashion Retail \u2013 vengono infatti installati tramite inserti filettati costampati direttamente sulla base del pezzo, assicurando solidit\u00e0 e facilit\u00e0 di manutenzione.<\/p>\n<p>Tutti i modelli sono dotati di <strong>NFC <\/strong>con il quale \u00e8 possibile scoprire tutte le informazioni della collezione e immergersi anche nel mondo <strong>Motomorphosis<\/strong>.<\/p>\n<p>Per il lancio della collezione l\u2019associazione ha deciso di esporre i suoi elementi di design dal 21 al 26 Aprile durante la <strong>Design Week <\/strong>presso lo stand <strong>Fulgor Milano <\/strong>a <strong>Eurocucina <\/strong>(Rho Fiera) e presso <strong>Mohd Officina <\/strong>in Via Turati, 3 \u2013 Milano.<\/p>\n<figure class=\"wp-block-gallery has-nested-images columns-default is-cropped wp-block-gallery-1 is-layout-flex wp-block-gallery-is-layout-flex\">\n<figure class=\"wp-block-image size-large\"><a href=\"https:\/\/i2.wp.com\/static.tecnichenuove.it\/ilprogettistaindustriale\/2026\/04\/MOTOLIGHT-5-scaled.jpg?ssl=1\"><img loading=\"lazy\" decoding=\"async\" width=\"750\" height=\"500\" data-id=\"45953\" src=\"https:\/\/i2.wp.com\/static.tecnichenuove.it\/ilprogettistaindustriale\/2026\/04\/MOTOLIGHT-5-1024x683.jpg?resize=750%2C500&#038;ssl=1\" alt=\"\" class=\"wp-image-45953\" srcset=\"https:\/\/i2.wp.com\/static.tecnichenuove.it\/ilprogettistaindustriale\/2026\/04\/MOTOLIGHT-5-1024x683.jpg?resize=750%2C500&#038;ssl=1 1024w, https:\/\/static.tecnichenuove.it\/ilprogettistaindustriale\/2026\/04\/MOTOLIGHT-5-300x200.jpg 300w, https:\/\/static.tecnichenuove.it\/ilprogettistaindustriale\/2026\/04\/MOTOLIGHT-5-768x512.jpg 768w, https:\/\/static.tecnichenuove.it\/ilprogettistaindustriale\/2026\/04\/MOTOLIGHT-5-1536x1024.jpg 1536w, https:\/\/static.tecnichenuove.it\/ilprogettistaindustriale\/2026\/04\/MOTOLIGHT-5-2048x1366.jpg 2048w\" sizes=\"(max-width: 1024px) 100vw, 1024px\" data-recalc-dims=\"1\"><\/a><\/figure>\n<figure class=\"wp-block-image size-large\"><a href=\"https:\/\/i2.wp.com\/static.tecnichenuove.it\/ilprogettistaindustriale\/2026\/04\/MOTOLIGHT-4-scaled.jpg?ssl=1\"><img loading=\"lazy\" decoding=\"async\" width=\"750\" height=\"422\" data-id=\"45954\" src=\"https:\/\/i1.wp.com\/static.tecnichenuove.it\/ilprogettistaindustriale\/2026\/04\/MOTOLIGHT-4-1024x576.jpg?resize=750%2C422&#038;ssl=1\" alt=\"\" class=\"wp-image-45954\" srcset=\"https:\/\/i1.wp.com\/static.tecnichenuove.it\/ilprogettistaindustriale\/2026\/04\/MOTOLIGHT-4-1024x576.jpg?resize=750%2C422&#038;ssl=1 1024w, https:\/\/static.tecnichenuove.it\/ilprogettistaindustriale\/2026\/04\/MOTOLIGHT-4-300x169.jpg 300w, https:\/\/static.tecnichenuove.it\/ilprogettistaindustriale\/2026\/04\/MOTOLIGHT-4-768x432.jpg 768w, https:\/\/static.tecnichenuove.it\/ilprogettistaindustriale\/2026\/04\/MOTOLIGHT-4-1536x864.jpg 1536w, https:\/\/static.tecnichenuove.it\/ilprogettistaindustriale\/2026\/04\/MOTOLIGHT-4-2048x1152.jpg 2048w\" sizes=\"(max-width: 1024px) 100vw, 1024px\" data-recalc-dims=\"1\"><\/a><\/figure>\n<figure class=\"wp-block-image size-large\"><a href=\"https:\/\/i1.wp.com\/static.tecnichenuove.it\/ilprogettistaindustriale\/2026\/04\/MOTOLIGHT-3--scaled.jpg?ssl=1\"><img loading=\"lazy\" decoding=\"async\" width=\"750\" height=\"500\" data-id=\"45955\" src=\"https:\/\/i0.wp.com\/static.tecnichenuove.it\/ilprogettistaindustriale\/2026\/04\/MOTOLIGHT-3--1024x683.jpg?resize=750%2C500&#038;ssl=1\" alt=\"\" class=\"wp-image-45955\" srcset=\"https:\/\/i0.wp.com\/static.tecnichenuove.it\/ilprogettistaindustriale\/2026\/04\/MOTOLIGHT-3--1024x683.jpg?resize=750%2C500&#038;ssl=1 1024w, https:\/\/static.tecnichenuove.it\/ilprogettistaindustriale\/2026\/04\/MOTOLIGHT-3--300x200.jpg 300w, https:\/\/static.tecnichenuove.it\/ilprogettistaindustriale\/2026\/04\/MOTOLIGHT-3--768x512.jpg 768w, https:\/\/static.tecnichenuove.it\/ilprogettistaindustriale\/2026\/04\/MOTOLIGHT-3--1536x1024.jpg 1536w, https:\/\/static.tecnichenuove.it\/ilprogettistaindustriale\/2026\/04\/MOTOLIGHT-3--2048x1365.jpg 2048w\" sizes=\"(max-width: 1024px) 100vw, 1024px\" data-recalc-dims=\"1\"><\/a><\/figure>\n<\/figure>\n<\/div>\n<p>L&#8217;articolo <a href=\"https:\/\/www.ilprogettistaindustriale.it\/il-design-incontra-la-sicurezza-stradale-con-la-nuova-collezione-di-arredo\/\">Il design incontra la sicurezza stradale con la nuova collezione di arredo<\/a> sembra essere il primo su <a href=\"https:\/\/www.ilprogettistaindustriale.it\/\">Il Progettista Industriale<\/a>.<\/p>\n<\/div>\n<p><a href=\"https:\/\/www.ilprogettistaindustriale.it\/il-design-incontra-la-sicurezza-stradale-con-la-nuova-collezione-di-arredo\/\">Vai alla fonte.<\/a><\/p>\n<p>Autore: Emanuela Bianchi<\/p>\n<p class=\"wpematico_credit\"><small>Powered by <a href=\"http:\/\/www.wpematico.com\" target=\"_blank\" rel=\"noopener noreferrer\">WPeMatico<\/a><\/small><\/p>\n<p><strong>_________________________________<\/strong><\/p>\n<p><strong>CFD FEA Service SRL<\/strong> &egrave; una societ&agrave; di servizi che offre <em>consulenza<\/em> e <em>formazione<\/em> in ambito <strong>ingegneria<\/strong> e <strong>IT<\/strong>. Se questo post\/prodotto ti &egrave; piaciuto ti invitiamo a:<\/p>\n<ul>\n<li>visionare il nostro <a href=\"https:\/\/cfdfeaservice.it\/index.php\/blog\/\" target=\"_blank\" rel=\"noopener\">blog<\/a><\/li>\n<li>visionare i <a href=\"https:\/\/cfdfeaservice.it\/index.php\/prodotti\/\" target=\"_blank\" rel=\"noopener\">software<\/a> disponibili - anche per la formazione<\/li>\n<li>iscriverti alla nostra newsletter<\/li>\n<li>entrare in contatto con noi attraverso la <a href=\"https:\/\/cfdfeaservice.it\/#ribbon\" target=\"_blank\" rel=\"noopener\">pagina contatti<\/a><\/li>\n<\/ul>\n<p>Saremo lieti di seguire le tue richieste e fornire risposte alle tue domande.<\/p>","protected":false},"excerpt":{"rendered":"<p>Dall\u2019iconica motocicletta simbolo dell\u2019Associazione nascono Motochair e Motolight: sedute e lampade d\u2019autore firmate Spagnolo Desing per diffondere la cultura della convivenza civica anche nel design. Da quindici anni, Motomorphosis trasforma la passione per le due ruote in un veicolo di responsabilit\u00e0 sociale. Fondata nel 2009 come Associazione Culturale, l\u2019organizzazione celebra [&hellip;]<\/p>\n","protected":false},"author":8,"featured_media":24551,"comment_status":"closed","ping_status":"closed","sticky":false,"template":"","format":"standard","meta":{"spay_email":""},"categories":[57],"tags":[],"jetpack_featured_media_url":"https:\/\/i1.wp.com\/test.cfdfeaservice.it\/wp-content\/uploads\/2026\/04\/MOTOCHAIR-e-MOTOLIGHT-1.jpg?fit=2500%2C1769&ssl=1","yoast_head":"<!-- This site is optimized with the Yoast SEO plugin v15.1.1 - https:\/\/yoast.com\/wordpress\/plugins\/seo\/ -->\n<title>Il design incontra la sicurezza stradale con la nuova collezione di arredo - CFD FEA\/FEM Service<\/title>\n<meta name=\"robots\" content=\"index, follow, max-snippet:-1, max-image-preview:large, max-video-preview:-1\" \/>\n<link rel=\"canonical\" href=\"https:\/\/test.cfdfeaservice.it\/index.php\/2026\/04\/25\/il-design-incontra-la-sicurezza-stradale-con-la-nuova-collezione-di-arredo\/\" \/>\n<meta property=\"og:locale\" content=\"en_GB\" \/>\n<meta property=\"og:type\" content=\"article\" \/>\n<meta property=\"og:title\" content=\"Il design incontra la sicurezza stradale con la nuova collezione di arredo - CFD FEA\/FEM Service\" \/>\n<meta property=\"og:description\" content=\"Dall\u2019iconica motocicletta simbolo dell\u2019Associazione nascono Motochair e Motolight: sedute e lampade d\u2019autore firmate Spagnolo Desing per diffondere la cultura della convivenza civica anche nel design. Da quindici anni, Motomorphosis trasforma la passione per le due ruote in un veicolo di responsabilit\u00e0 sociale. Fondata nel 2009 come Associazione Culturale, l\u2019organizzazione celebra [&hellip;]\" \/>\n<meta property=\"og:url\" content=\"https:\/\/test.cfdfeaservice.it\/index.php\/2026\/04\/25\/il-design-incontra-la-sicurezza-stradale-con-la-nuova-collezione-di-arredo\/\" \/>\n<meta property=\"og:site_name\" content=\"CFD FEA\/FEM Service\" \/>\n<meta property=\"article:publisher\" content=\"https:\/\/www.facebook.com\/cfdfeaservice\" \/>\n<meta property=\"article:published_time\" content=\"2026-04-25T01:25:00+00:00\" \/>\n<meta property=\"og:image\" content=\"https:\/\/static.tecnichenuove.it\/ilprogettistaindustriale\/2026\/04\/MOTOCHAIR-e-MOTOLIGHT-1.jpg\" \/>\n<meta name=\"twitter:card\" content=\"summary\" \/>\n<script type=\"application\/ld+json\" class=\"yoast-schema-graph\">{\"@context\":\"https:\/\/schema.org\",\"@graph\":[{\"@type\":\"Organization\",\"@id\":\"https:\/\/test.cfdfeaservice.it\/#organization\",\"name\":\"CFD FEA SERVICE SRL\",\"url\":\"https:\/\/test.cfdfeaservice.it\/\",\"sameAs\":[\"https:\/\/www.facebook.com\/cfdfeaservice\",\"https:\/\/www.linkedin.com\/company\/11421185\/\",\"https:\/\/www.youtube.com\/channel\/UCr2h1DbpsNDKJSBAgeWMbfA\"],\"logo\":{\"@type\":\"ImageObject\",\"@id\":\"https:\/\/test.cfdfeaservice.it\/#logo\",\"inLanguage\":\"en-GB\",\"url\":\"https:\/\/i2.wp.com\/test.cfdfeaservice.it\/wp-content\/uploads\/2018\/07\/CFD-FEA-SERVICE-Compact.png?fit=677%2C178&ssl=1\",\"width\":677,\"height\":178,\"caption\":\"CFD FEA SERVICE SRL\"},\"image\":{\"@id\":\"https:\/\/test.cfdfeaservice.it\/#logo\"}},{\"@type\":\"WebSite\",\"@id\":\"https:\/\/test.cfdfeaservice.it\/#website\",\"url\":\"https:\/\/test.cfdfeaservice.it\/\",\"name\":\"CFD FEA\/FEM Service\",\"description\":\"Servizi di ingegneria 4.0\",\"publisher\":{\"@id\":\"https:\/\/test.cfdfeaservice.it\/#organization\"},\"potentialAction\":[{\"@type\":\"SearchAction\",\"target\":\"https:\/\/test.cfdfeaservice.it\/?s={search_term_string}\",\"query-input\":\"required name=search_term_string\"}],\"inLanguage\":\"en-GB\"},{\"@type\":\"ImageObject\",\"@id\":\"https:\/\/test.cfdfeaservice.it\/index.php\/2026\/04\/25\/il-design-incontra-la-sicurezza-stradale-con-la-nuova-collezione-di-arredo\/#primaryimage\",\"inLanguage\":\"en-GB\",\"url\":\"https:\/\/i1.wp.com\/test.cfdfeaservice.it\/wp-content\/uploads\/2026\/04\/MOTOCHAIR-e-MOTOLIGHT-1.jpg?fit=2500%2C1769&ssl=1\",\"width\":2500,\"height\":1769},{\"@type\":\"WebPage\",\"@id\":\"https:\/\/test.cfdfeaservice.it\/index.php\/2026\/04\/25\/il-design-incontra-la-sicurezza-stradale-con-la-nuova-collezione-di-arredo\/#webpage\",\"url\":\"https:\/\/test.cfdfeaservice.it\/index.php\/2026\/04\/25\/il-design-incontra-la-sicurezza-stradale-con-la-nuova-collezione-di-arredo\/\",\"name\":\"Il design incontra la sicurezza stradale con la nuova collezione di arredo - CFD FEA\/FEM Service\",\"isPartOf\":{\"@id\":\"https:\/\/test.cfdfeaservice.it\/#website\"},\"primaryImageOfPage\":{\"@id\":\"https:\/\/test.cfdfeaservice.it\/index.php\/2026\/04\/25\/il-design-incontra-la-sicurezza-stradale-con-la-nuova-collezione-di-arredo\/#primaryimage\"},\"datePublished\":\"2026-04-25T01:25:00+00:00\",\"dateModified\":\"2026-04-25T01:25:00+00:00\",\"inLanguage\":\"en-GB\",\"potentialAction\":[{\"@type\":\"ReadAction\",\"target\":[\"https:\/\/test.cfdfeaservice.it\/index.php\/2026\/04\/25\/il-design-incontra-la-sicurezza-stradale-con-la-nuova-collezione-di-arredo\/\"]}]},{\"@type\":\"Article\",\"@id\":\"https:\/\/test.cfdfeaservice.it\/index.php\/2026\/04\/25\/il-design-incontra-la-sicurezza-stradale-con-la-nuova-collezione-di-arredo\/#article\",\"isPartOf\":{\"@id\":\"https:\/\/test.cfdfeaservice.it\/index.php\/2026\/04\/25\/il-design-incontra-la-sicurezza-stradale-con-la-nuova-collezione-di-arredo\/#webpage\"},\"author\":{\"@id\":\"https:\/\/test.cfdfeaservice.it\/#\/schema\/person\/c3b6ebdd7f80794fe6e6657f2f5335e7\"},\"headline\":\"Il design incontra la sicurezza stradale con la nuova collezione di arredo\",\"datePublished\":\"2026-04-25T01:25:00+00:00\",\"dateModified\":\"2026-04-25T01:25:00+00:00\",\"mainEntityOfPage\":{\"@id\":\"https:\/\/test.cfdfeaservice.it\/index.php\/2026\/04\/25\/il-design-incontra-la-sicurezza-stradale-con-la-nuova-collezione-di-arredo\/#webpage\"},\"publisher\":{\"@id\":\"https:\/\/test.cfdfeaservice.it\/#organization\"},\"image\":{\"@id\":\"https:\/\/test.cfdfeaservice.it\/index.php\/2026\/04\/25\/il-design-incontra-la-sicurezza-stradale-con-la-nuova-collezione-di-arredo\/#primaryimage\"},\"articleSection\":\"Normativa\",\"inLanguage\":\"en-GB\"},{\"@type\":\"Person\",\"@id\":\"https:\/\/test.cfdfeaservice.it\/#\/schema\/person\/c3b6ebdd7f80794fe6e6657f2f5335e7\",\"name\":\"CFD FEA SERVICE\",\"image\":{\"@type\":\"ImageObject\",\"@id\":\"https:\/\/test.cfdfeaservice.it\/#personlogo\",\"inLanguage\":\"en-GB\",\"url\":\"https:\/\/secure.gravatar.com\/avatar\/a34dbcf675cd4152f1184664b3adcb72?s=96&d=mm&r=g\",\"caption\":\"CFD FEA SERVICE\"}}]}<\/script>\n<!-- \/ Yoast SEO plugin. -->","jetpack_shortlink":"https:\/\/wp.me\/p9JrPq-6nY","jetpack_sharing_enabled":true,"_links":{"self":[{"href":"https:\/\/test.cfdfeaservice.it\/index.php\/wp-json\/wp\/v2\/posts\/24550"}],"collection":[{"href":"https:\/\/test.cfdfeaservice.it\/index.php\/wp-json\/wp\/v2\/posts"}],"about":[{"href":"https:\/\/test.cfdfeaservice.it\/index.php\/wp-json\/wp\/v2\/types\/post"}],"author":[{"embeddable":true,"href":"https:\/\/test.cfdfeaservice.it\/index.php\/wp-json\/wp\/v2\/users\/8"}],"replies":[{"embeddable":true,"href":"https:\/\/test.cfdfeaservice.it\/index.php\/wp-json\/wp\/v2\/comments?post=24550"}],"version-history":[{"count":0,"href":"https:\/\/test.cfdfeaservice.it\/index.php\/wp-json\/wp\/v2\/posts\/24550\/revisions"}],"wp:featuredmedia":[{"embeddable":true,"href":"https:\/\/test.cfdfeaservice.it\/index.php\/wp-json\/wp\/v2\/media\/24551"}],"wp:attachment":[{"href":"https:\/\/test.cfdfeaservice.it\/index.php\/wp-json\/wp\/v2\/media?parent=24550"}],"wp:term":[{"taxonomy":"category","embeddable":true,"href":"https:\/\/test.cfdfeaservice.it\/index.php\/wp-json\/wp\/v2\/categories?post=24550"},{"taxonomy":"post_tag","embeddable":true,"href":"https:\/\/test.cfdfeaservice.it\/index.php\/wp-json\/wp\/v2\/tags?post=24550"}],"curies":[{"name":"wp","href":"https:\/\/api.w.org\/{rel}","templated":true}]}}