{"id":21310,"date":"2022-06-13T08:29:51","date_gmt":"2022-06-13T06:29:51","guid":{"rendered":"https:\/\/test.cfdfeaservice.it\/index.php\/2022\/06\/13\/arena-del-futuro-ricarica-a-induzione-delle-auto-in-movimento\/"},"modified":"2022-06-13T08:29:51","modified_gmt":"2022-06-13T06:29:51","slug":"arena-del-futuro-ricarica-a-induzione-delle-auto-in-movimento","status":"publish","type":"post","link":"https:\/\/test.cfdfeaservice.it\/index.php\/2022\/06\/13\/arena-del-futuro-ricarica-a-induzione-delle-auto-in-movimento\/","title":{"rendered":"Arena del Futuro, ricarica a induzione delle auto in movimento"},"content":{"rendered":"<div>\n<div style=\"margin: 5px 5% 10px 5%;\"><img loading=\"lazy\" src=\"https:\/\/i1.wp.com\/www.ilprogettistaindustriale.it\/files\/2022\/06\/OnTheRoad3_BAMSphoto.jpg?resize=750%2C563&#038;ssl=1\" width=\"750\" height=\"563\" title=\"\" alt=\"Arena del futuro\" data-recalc-dims=\"1\"><\/div>\n<div>\n<p><em>In avanzata fase di sperimentazione, nel circuito \u201cArena del Futuro\u201d, una tecnologia che permette ai veicoli elettrici di ricaricarsi viaggiando su corsie dedicate, grazie ad un innovativo sistema di spire posizionate sotto l\u2019asfalto.<\/em><\/p>\n<p>Presentata a Chiari (BS), da parte del Presidente di A35 Brebemi Francesco Bettoni e dai partner di progetto, alla presenza del Ministro della Repubblica Mariastella Gelmini, la <strong>tecnologia di ricarica ad induzione per auto elettriche o DWPT (Dynamic Wireless Power Transfer)<\/strong>, testata ormai in diverse parti nel mondo.<\/p>\n<p>Il progetto pilota italiano coordinato da A35 Brebemi e Aleatica, operatore globale di infrastrutture di trasporto con una presenza in Europa e America Latina specializzato in soluzioni di mobilit\u00e0 sostenibili e innovative, \u00e8 quello allo <strong>stadio pi\u00f9 avanzato di sperimentazione e vede cooperare realt\u00e0 che sono punti di riferimento in ciascun settore di competenza<\/strong> quali: ABB, Electreon, IVECO, IVECO BUS, Mapei, Pizzarotti, Politecnico di Milano, Prysmian, Stellantis, TIM, FIAMM Energy Technology, Universit\u00e0 Roma Tre, Universit\u00e0 di Parma, Vigili del Fuoco e Ministero dell\u2019Interno \u2013 Polizia Stradale.<\/p>\n<p><a href=\"https:\/\/i2.wp.com\/www.ilprogettistaindustriale.it\/files\/2022\/06\/Come-funziona-il-DWPT-scaled.jpg?ssl=1\"><img loading=\"lazy\" class=\"alignnone size-full wp-image-32462\" src=\"https:\/\/i2.wp.com\/www.ilprogettistaindustriale.it\/files\/2022\/06\/Come-funziona-il-DWPT-scaled.jpg?resize=750%2C545&#038;ssl=1\" alt=\"\" width=\"750\" height=\"545\" srcset=\"https:\/\/i2.wp.com\/www.ilprogettistaindustriale.it\/files\/2022\/06\/Come-funziona-il-DWPT-scaled.jpg?resize=750%2C545&#038;ssl=1 2560w, https:\/\/www.ilprogettistaindustriale.it\/files\/2022\/06\/Come-funziona-il-DWPT-scaled-300x218.jpg 300w, https:\/\/www.ilprogettistaindustriale.it\/files\/2022\/06\/Come-funziona-il-DWPT-scaled-768x558.jpg 768w, https:\/\/www.ilprogettistaindustriale.it\/files\/2022\/06\/Come-funziona-il-DWPT-scaled-1024x744.jpg 1024w, https:\/\/www.ilprogettistaindustriale.it\/files\/2022\/06\/Come-funziona-il-DWPT-scaled-324x235.jpg 324w, https:\/\/www.ilprogettistaindustriale.it\/files\/2022\/06\/Come-funziona-il-DWPT-scaled-696x506.jpg 696w, https:\/\/www.ilprogettistaindustriale.it\/files\/2022\/06\/Come-funziona-il-DWPT-scaled-1068x776.jpg 1068w, https:\/\/www.ilprogettistaindustriale.it\/files\/2022\/06\/Come-funziona-il-DWPT-scaled-578x420.jpg 578w\" sizes=\"(max-width: 2560px) 100vw, 2560px\" data-recalc-dims=\"1\"><\/a><\/p>\n<h2>Nell\u2019Arena del futuro la ricarica a induzione \u00e8 una realt\u00e0<\/h2>\n<p><strong>Questa tecnologia permette ai veicoli elettrici di ricaricarsi viaggiando su corsie dedicate, grazie ad un innovativo sistema di spire posizionate sotto l\u2019asfalto<\/strong> che trasferiscono direttamente l\u2019energia necessaria ai mezzi (auto, camion, bus). Un sistema di mobilit\u00e0 a \u201czero emissioni\u201d, che include differenti elementi studiati dalle eccellenze industriali coinvolte per interagire tra loro, quali asfalto, centraline, cavi, veicoli elettrici e connettivit\u00e0 5G.<\/p>\n<p>Solo qualche settimana fa \u00e8 stato presentato dagli esperti coinvolti dal MIMS (Ministero delle Infrastrutture e della Mobilit\u00e0 Sostenibili) nell\u2019ambito della \u201cStruttura per la transizione ecologica della mobilit\u00e0 e delle infrastrutture\u201d (STEMI), un documento denominato \u201cDecarbonizzare i trasporti, evidenze scientifiche e proposte di policy\u201d che <strong>indica nella tecnologica della ricarica ad induzione, una delle possibili soluzioni concrete verso gli obiettivi prefissati<\/strong>, alla luce dell\u2019attuale discussione in sede di Consiglio europeo del Pacchetto Fit for 55, presentato dalla Commissione europea in attuazione della strategia del Green Deal.<\/p>\n<p><a href=\"https:\/\/i1.wp.com\/www.ilprogettistaindustriale.it\/files\/2022\/06\/StesuraCavi_BAMSphoto7.jpg?ssl=1\"><img loading=\"lazy\" class=\"alignnone size-full wp-image-32459\" src=\"https:\/\/i1.wp.com\/www.ilprogettistaindustriale.it\/files\/2022\/06\/StesuraCavi_BAMSphoto7.jpg?resize=750%2C563&#038;ssl=1\" alt=\"Arena del futuro\" width=\"750\" height=\"563\" srcset=\"https:\/\/i1.wp.com\/www.ilprogettistaindustriale.it\/files\/2022\/06\/StesuraCavi_BAMSphoto7.jpg?resize=750%2C563&#038;ssl=1 2362w, https:\/\/www.ilprogettistaindustriale.it\/files\/2022\/06\/StesuraCavi_BAMSphoto7-300x225.jpg 300w, https:\/\/www.ilprogettistaindustriale.it\/files\/2022\/06\/StesuraCavi_BAMSphoto7-768x576.jpg 768w, https:\/\/www.ilprogettistaindustriale.it\/files\/2022\/06\/StesuraCavi_BAMSphoto7-1024x768.jpg 1024w, https:\/\/www.ilprogettistaindustriale.it\/files\/2022\/06\/StesuraCavi_BAMSphoto7-80x60.jpg 80w, https:\/\/www.ilprogettistaindustriale.it\/files\/2022\/06\/StesuraCavi_BAMSphoto7-265x198.jpg 265w, https:\/\/www.ilprogettistaindustriale.it\/files\/2022\/06\/StesuraCavi_BAMSphoto7-696x522.jpg 696w, https:\/\/www.ilprogettistaindustriale.it\/files\/2022\/06\/StesuraCavi_BAMSphoto7-1068x801.jpg 1068w, https:\/\/www.ilprogettistaindustriale.it\/files\/2022\/06\/StesuraCavi_BAMSphoto7-560x420.jpg 560w\" sizes=\"(max-width: 2362px) 100vw, 2362px\" data-recalc-dims=\"1\"><\/a><\/p>\n<p>Alla luce dei vari test effettuati e in corso su questa tecnologia, in particolare all\u2019interno del progetto italiano \u201cArena del Futuro\u201d, si conferma che la DWPT ha straordinari vantaggi. Nel percorso verso la decarbonizzazione dei trasporti attraverso la mobilit\u00e0 elettrica, a fronte di criticit\u00e0 legate alla vita e all\u2019ingombro delle batterie, la ricarica ad induzione pu\u00f2 contribuire ad una transizione verso modelli di mobilit\u00e0 sostenibile che migliorino ulteriormente l\u2019esperienza sul campo degli utenti.<\/p>\n<p>Tra i tanti vantaggi della tecnologia di ricarica ad induzione le ricerche stanno evidenziando: una maggior efficienza energetica del veicolo grazie alla ricarica in viaggio, <strong>una riduzione del volume delle batterie nei veicoli senza impattare sulla capacit\u00e0 di carico merci e persone, un aumento della vita media della batteria stessa grazie al fatto che si eviterebbero picchi di ricarica perch\u00e9 verrebbe alimentata ad intervalli durante il giorno<\/strong>. Una volta a regime, il sistema potr\u00e0 contribuire a migliorare la qualit\u00e0 del viaggio dell\u2019utente, grazie a una riduzione dei tempi di sosta per ricarica legata alla combinazione ottimale tra diversi sistemi di ricarica. Tutti questi obiettivi sono raggiungibili anche grazie alle innovative tecnologie offerte dal 5G e dalle soluzioni applicative basate sull\u2019Intelligenza Artificiale, che faciliteranno lo scambio di informazioni tra il veicolo e le piattaforme di gestione, aumentando la sicurezza stradale e l\u2019efficienza degli spostamenti.<\/p>\n<p><a href=\"https:\/\/i1.wp.com\/www.ilprogettistaindustriale.it\/files\/2022\/06\/CollegamentoCavi_BAMSphoto.jpg?ssl=1\"><img loading=\"lazy\" class=\"alignnone size-full wp-image-32460\" src=\"https:\/\/i1.wp.com\/www.ilprogettistaindustriale.it\/files\/2022\/06\/CollegamentoCavi_BAMSphoto.jpg?resize=750%2C500&#038;ssl=1\" alt=\"Arena del futuro\" width=\"750\" height=\"500\" srcset=\"https:\/\/i1.wp.com\/www.ilprogettistaindustriale.it\/files\/2022\/06\/CollegamentoCavi_BAMSphoto.jpg?resize=750%2C500&#038;ssl=1 2362w, https:\/\/www.ilprogettistaindustriale.it\/files\/2022\/06\/CollegamentoCavi_BAMSphoto-300x200.jpg 300w, https:\/\/www.ilprogettistaindustriale.it\/files\/2022\/06\/CollegamentoCavi_BAMSphoto-768x512.jpg 768w, https:\/\/www.ilprogettistaindustriale.it\/files\/2022\/06\/CollegamentoCavi_BAMSphoto-1024x683.jpg 1024w, https:\/\/www.ilprogettistaindustriale.it\/files\/2022\/06\/CollegamentoCavi_BAMSphoto-696x464.jpg 696w, https:\/\/www.ilprogettistaindustriale.it\/files\/2022\/06\/CollegamentoCavi_BAMSphoto-1068x712.jpg 1068w, https:\/\/www.ilprogettistaindustriale.it\/files\/2022\/06\/CollegamentoCavi_BAMSphoto-630x420.jpg 630w\" sizes=\"(max-width: 2362px) 100vw, 2362px\" data-recalc-dims=\"1\"><\/a><\/p>\n<p><strong>La tecnologia DWPT, nelle sue variabili di induzione dinamica e statica, ha gi\u00e0 destato interesse per possibili immediati sviluppi a livello commerciale in Italia e all\u2019estero<\/strong>, anche grazie alla sua versatilit\u00e0 in quanto, oltre all\u2019utilizzo su strade ed autostrade, la stessa si sta confermando utile e ideale anche all\u2019interno di altre infrastrutture come porti, aeroporti e parcheggi.\u00a0 \u201cArena del Futuro\u201d si conferma un ottimo esempio di innovazione collaborativa per la mobilit\u00e0 a \u201czero emissioni\u201d di persone e merci.<\/p>\n<\/div>\n<p>L&#8217;articolo <a rel=\"nofollow\" href=\"https:\/\/www.ilprogettistaindustriale.it\/arena-del-futuro-ricarica-a-induzione-delle-auto-in-movimento\/\">Arena del Futuro, ricarica a induzione delle auto in movimento<\/a> sembra essere il primo su <a rel=\"nofollow\" href=\"https:\/\/www.ilprogettistaindustriale.it\/\">Il Progettista Industriale<\/a>.<\/p>\n<\/div>\n<p><a href=\"https:\/\/www.ilprogettistaindustriale.it\/arena-del-futuro-ricarica-a-induzione-delle-auto-in-movimento\/?utm_source=rss&#038;utm_medium=rss&#038;utm_campaign=arena-del-futuro-ricarica-a-induzione-delle-auto-in-movimento\">Vai alla fonte.<\/a><\/p>\n<p>Autore: Redazione<\/p>\n<p class=\"wpematico_credit\"><small>Powered by <a href=\"http:\/\/www.wpematico.com\" target=\"_blank\" rel=\"noopener noreferrer\">WPeMatico<\/a><\/small><\/p>\n<p><strong>_________________________________<\/strong><\/p>\n<p><strong>CFD FEA Service SRL<\/strong> &egrave; una societ&agrave; di servizi che offre <em>consulenza<\/em> e <em>formazione<\/em> in ambito <strong>ingegneria<\/strong> e <strong>IT<\/strong>. Se questo post\/prodotto ti &egrave; piaciuto ti invitiamo a:<\/p>\n<ul>\n<li>visionare il nostro <a href=\"https:\/\/cfdfeaservice.it\/index.php\/blog\/\" target=\"_blank\" rel=\"noopener\">blog<\/a><\/li>\n<li>visionare i <a href=\"https:\/\/cfdfeaservice.it\/index.php\/prodotti\/\" target=\"_blank\" rel=\"noopener\">software<\/a> disponibili - anche per la formazione<\/li>\n<li>iscriverti alla nostra newsletter<\/li>\n<li>entrare in contatto con noi attraverso la <a href=\"https:\/\/cfdfeaservice.it\/#ribbon\" target=\"_blank\" rel=\"noopener\">pagina contatti<\/a><\/li>\n<\/ul>\n<p>Saremo lieti di seguire le tue richieste e fornire risposte alle tue domande.<\/p>","protected":false},"excerpt":{"rendered":"<p>In avanzata fase di sperimentazione, nel circuito \u201cArena del Futuro\u201d, una tecnologia che permette ai veicoli elettrici di ricaricarsi viaggiando su corsie dedicate, grazie ad un innovativo sistema di spire posizionate sotto l\u2019asfalto. Presentata a Chiari (BS), da parte del Presidente di A35 Brebemi Francesco Bettoni e dai partner di [&hellip;]<\/p>\n","protected":false},"author":8,"featured_media":21311,"comment_status":"closed","ping_status":"closed","sticky":false,"template":"","format":"standard","meta":{"spay_email":""},"categories":[57],"tags":[],"jetpack_featured_media_url":"https:\/\/i1.wp.com\/test.cfdfeaservice.it\/wp-content\/uploads\/2022\/06\/OnTheRoad3_BAMSphoto.jpg?fit=2362%2C1772&ssl=1","yoast_head":"<!-- This site is optimized with the Yoast SEO plugin v15.1.1 - https:\/\/yoast.com\/wordpress\/plugins\/seo\/ -->\n<title>Arena del Futuro, ricarica a induzione delle auto in movimento - CFD FEA\/FEM Service<\/title>\n<meta name=\"robots\" content=\"index, follow, max-snippet:-1, max-image-preview:large, max-video-preview:-1\" \/>\n<link rel=\"canonical\" href=\"https:\/\/test.cfdfeaservice.it\/index.php\/2022\/06\/13\/arena-del-futuro-ricarica-a-induzione-delle-auto-in-movimento\/\" \/>\n<meta property=\"og:locale\" content=\"en_GB\" \/>\n<meta property=\"og:type\" content=\"article\" \/>\n<meta property=\"og:title\" content=\"Arena del Futuro, ricarica a induzione delle auto in movimento - CFD FEA\/FEM Service\" \/>\n<meta property=\"og:description\" content=\"In avanzata fase di sperimentazione, nel circuito \u201cArena del Futuro\u201d, una tecnologia che permette ai veicoli elettrici di ricaricarsi viaggiando su corsie dedicate, grazie ad un innovativo sistema di spire posizionate sotto l\u2019asfalto. Presentata a Chiari (BS), da parte del Presidente di A35 Brebemi Francesco Bettoni e dai partner di [&hellip;]\" \/>\n<meta property=\"og:url\" content=\"https:\/\/test.cfdfeaservice.it\/index.php\/2022\/06\/13\/arena-del-futuro-ricarica-a-induzione-delle-auto-in-movimento\/\" \/>\n<meta property=\"og:site_name\" content=\"CFD FEA\/FEM Service\" \/>\n<meta property=\"article:publisher\" content=\"https:\/\/www.facebook.com\/cfdfeaservice\" \/>\n<meta property=\"article:published_time\" content=\"2022-06-13T06:29:51+00:00\" \/>\n<meta property=\"og:image\" content=\"https:\/\/www.ilprogettistaindustriale.it\/files\/2022\/06\/OnTheRoad3_BAMSphoto.jpg\" \/>\n<meta name=\"twitter:card\" content=\"summary\" \/>\n<script type=\"application\/ld+json\" class=\"yoast-schema-graph\">{\"@context\":\"https:\/\/schema.org\",\"@graph\":[{\"@type\":\"Organization\",\"@id\":\"https:\/\/test.cfdfeaservice.it\/#organization\",\"name\":\"CFD FEA SERVICE SRL\",\"url\":\"https:\/\/test.cfdfeaservice.it\/\",\"sameAs\":[\"https:\/\/www.facebook.com\/cfdfeaservice\",\"https:\/\/www.linkedin.com\/company\/11421185\/\",\"https:\/\/www.youtube.com\/channel\/UCr2h1DbpsNDKJSBAgeWMbfA\"],\"logo\":{\"@type\":\"ImageObject\",\"@id\":\"https:\/\/test.cfdfeaservice.it\/#logo\",\"inLanguage\":\"en-GB\",\"url\":\"https:\/\/i2.wp.com\/test.cfdfeaservice.it\/wp-content\/uploads\/2018\/07\/CFD-FEA-SERVICE-Compact.png?fit=677%2C178&ssl=1\",\"width\":677,\"height\":178,\"caption\":\"CFD FEA SERVICE SRL\"},\"image\":{\"@id\":\"https:\/\/test.cfdfeaservice.it\/#logo\"}},{\"@type\":\"WebSite\",\"@id\":\"https:\/\/test.cfdfeaservice.it\/#website\",\"url\":\"https:\/\/test.cfdfeaservice.it\/\",\"name\":\"CFD FEA\/FEM Service\",\"description\":\"Servizi di ingegneria 4.0\",\"publisher\":{\"@id\":\"https:\/\/test.cfdfeaservice.it\/#organization\"},\"potentialAction\":[{\"@type\":\"SearchAction\",\"target\":\"https:\/\/test.cfdfeaservice.it\/?s={search_term_string}\",\"query-input\":\"required name=search_term_string\"}],\"inLanguage\":\"en-GB\"},{\"@type\":\"ImageObject\",\"@id\":\"https:\/\/test.cfdfeaservice.it\/index.php\/2022\/06\/13\/arena-del-futuro-ricarica-a-induzione-delle-auto-in-movimento\/#primaryimage\",\"inLanguage\":\"en-GB\",\"url\":\"https:\/\/i1.wp.com\/test.cfdfeaservice.it\/wp-content\/uploads\/2022\/06\/OnTheRoad3_BAMSphoto.jpg?fit=2362%2C1772&ssl=1\",\"width\":2362,\"height\":1772},{\"@type\":\"WebPage\",\"@id\":\"https:\/\/test.cfdfeaservice.it\/index.php\/2022\/06\/13\/arena-del-futuro-ricarica-a-induzione-delle-auto-in-movimento\/#webpage\",\"url\":\"https:\/\/test.cfdfeaservice.it\/index.php\/2022\/06\/13\/arena-del-futuro-ricarica-a-induzione-delle-auto-in-movimento\/\",\"name\":\"Arena del Futuro, ricarica a induzione delle auto in movimento - CFD FEA\/FEM Service\",\"isPartOf\":{\"@id\":\"https:\/\/test.cfdfeaservice.it\/#website\"},\"primaryImageOfPage\":{\"@id\":\"https:\/\/test.cfdfeaservice.it\/index.php\/2022\/06\/13\/arena-del-futuro-ricarica-a-induzione-delle-auto-in-movimento\/#primaryimage\"},\"datePublished\":\"2022-06-13T06:29:51+00:00\",\"dateModified\":\"2022-06-13T06:29:51+00:00\",\"inLanguage\":\"en-GB\",\"potentialAction\":[{\"@type\":\"ReadAction\",\"target\":[\"https:\/\/test.cfdfeaservice.it\/index.php\/2022\/06\/13\/arena-del-futuro-ricarica-a-induzione-delle-auto-in-movimento\/\"]}]},{\"@type\":\"Article\",\"@id\":\"https:\/\/test.cfdfeaservice.it\/index.php\/2022\/06\/13\/arena-del-futuro-ricarica-a-induzione-delle-auto-in-movimento\/#article\",\"isPartOf\":{\"@id\":\"https:\/\/test.cfdfeaservice.it\/index.php\/2022\/06\/13\/arena-del-futuro-ricarica-a-induzione-delle-auto-in-movimento\/#webpage\"},\"author\":{\"@id\":\"https:\/\/test.cfdfeaservice.it\/#\/schema\/person\/c3b6ebdd7f80794fe6e6657f2f5335e7\"},\"headline\":\"Arena del Futuro, ricarica a induzione delle auto in movimento\",\"datePublished\":\"2022-06-13T06:29:51+00:00\",\"dateModified\":\"2022-06-13T06:29:51+00:00\",\"mainEntityOfPage\":{\"@id\":\"https:\/\/test.cfdfeaservice.it\/index.php\/2022\/06\/13\/arena-del-futuro-ricarica-a-induzione-delle-auto-in-movimento\/#webpage\"},\"publisher\":{\"@id\":\"https:\/\/test.cfdfeaservice.it\/#organization\"},\"image\":{\"@id\":\"https:\/\/test.cfdfeaservice.it\/index.php\/2022\/06\/13\/arena-del-futuro-ricarica-a-induzione-delle-auto-in-movimento\/#primaryimage\"},\"articleSection\":\"Normativa\",\"inLanguage\":\"en-GB\"},{\"@type\":\"Person\",\"@id\":\"https:\/\/test.cfdfeaservice.it\/#\/schema\/person\/c3b6ebdd7f80794fe6e6657f2f5335e7\",\"name\":\"CFD FEA SERVICE\",\"image\":{\"@type\":\"ImageObject\",\"@id\":\"https:\/\/test.cfdfeaservice.it\/#personlogo\",\"inLanguage\":\"en-GB\",\"url\":\"https:\/\/secure.gravatar.com\/avatar\/a34dbcf675cd4152f1184664b3adcb72?s=96&d=mm&r=g\",\"caption\":\"CFD FEA SERVICE\"}}]}<\/script>\n<!-- \/ Yoast SEO plugin. -->","jetpack_shortlink":"https:\/\/wp.me\/p9JrPq-5xI","jetpack_sharing_enabled":true,"_links":{"self":[{"href":"https:\/\/test.cfdfeaservice.it\/index.php\/wp-json\/wp\/v2\/posts\/21310"}],"collection":[{"href":"https:\/\/test.cfdfeaservice.it\/index.php\/wp-json\/wp\/v2\/posts"}],"about":[{"href":"https:\/\/test.cfdfeaservice.it\/index.php\/wp-json\/wp\/v2\/types\/post"}],"author":[{"embeddable":true,"href":"https:\/\/test.cfdfeaservice.it\/index.php\/wp-json\/wp\/v2\/users\/8"}],"replies":[{"embeddable":true,"href":"https:\/\/test.cfdfeaservice.it\/index.php\/wp-json\/wp\/v2\/comments?post=21310"}],"version-history":[{"count":0,"href":"https:\/\/test.cfdfeaservice.it\/index.php\/wp-json\/wp\/v2\/posts\/21310\/revisions"}],"wp:featuredmedia":[{"embeddable":true,"href":"https:\/\/test.cfdfeaservice.it\/index.php\/wp-json\/wp\/v2\/media\/21311"}],"wp:attachment":[{"href":"https:\/\/test.cfdfeaservice.it\/index.php\/wp-json\/wp\/v2\/media?parent=21310"}],"wp:term":[{"taxonomy":"category","embeddable":true,"href":"https:\/\/test.cfdfeaservice.it\/index.php\/wp-json\/wp\/v2\/categories?post=21310"},{"taxonomy":"post_tag","embeddable":true,"href":"https:\/\/test.cfdfeaservice.it\/index.php\/wp-json\/wp\/v2\/tags?post=21310"}],"curies":[{"name":"wp","href":"https:\/\/api.w.org\/{rel}","templated":true}]}}