{"id":21303,"date":"2022-06-10T04:45:26","date_gmt":"2022-06-10T02:45:26","guid":{"rendered":"https:\/\/test.cfdfeaservice.it\/index.php\/2022\/06\/10\/architettura-fascista-caratteristiche-e-importanza\/"},"modified":"2022-06-10T04:45:26","modified_gmt":"2022-06-10T02:45:26","slug":"architettura-fascista-caratteristiche-e-importanza","status":"publish","type":"post","link":"https:\/\/test.cfdfeaservice.it\/index.php\/2022\/06\/10\/architettura-fascista-caratteristiche-e-importanza\/","title":{"rendered":"Architettura fascista: caratteristiche e importanza"},"content":{"rendered":"<div>\n<p><strong>L\u2019architettura fascista<\/strong> pu\u00f2 essere definita come uno stile rientrante nella cosiddetta <strong><em>\u00abArt D\u00e9co\u00bb<\/em><\/strong>, ma con in pi\u00f9 una qualit\u00e0 particolare. Ci\u00f2 che vide la luce in Italia negli anni 20 e 30 del 900 fu uno squisito esercizio di stile, che trova pochi paragoni nel resto del mondo, che port\u00f2 gli architetti che si cimentarono a fondere nelle loro opere l\u2019arte tradizionale romana con le pi\u00f9 avanzate correnti moderniste.<\/p>\n<p>In questo articolo:<\/p>\n<div class=\"index-article\">\n<ol>\n<li><a href=\"https:\/\/www.unioneingegneri.com\/#caratteristiche\">Caratteristiche dell\u2019architettura fascista.<\/a><\/li>\n<li><a href=\"https:\/\/www.unioneingegneri.com\/#stili\">Stili e tendenze<\/a><\/li>\n<li><a href=\"https:\/\/www.unioneingegneri.com\/#razionalismo\">Razionalismo funzionalista.<\/a><\/li>\n<li><a href=\"https:\/\/www.unioneingegneri.com\/#classicismo\">Classicismo neo-romano.<\/a><\/li>\n<li><a href=\"https:\/\/www.unioneingegneri.com\/#differenze\">Differenze tra stile littorio e architettura fascista.<\/a><\/li>\n<li><a href=\"https:\/\/www.unioneingegneri.com\/#seiunarchitetto\">Sei un architetto? Per lavorare al meglio devi costantemente aggiornare le tue competenze architetti?<\/a><\/li>\n<\/ol>\n<\/div>\n<h2>Superato il richiamo politico, l\u2019architettura fascista \u00e8 oggi considerata per quello che \u00e8, uno splendido esempio dell\u2019unione tra modernismo e arte classica.<\/h2>\n<p>Diciamolo subito, l\u2019architettura fascista come simbolo di un regime politico oggi non esiste praticamente pi\u00f9. Tutte le statue e i simboli fascisti sono stati rimossi o distrutti, spesso dalla stessa folla, e oggi quello che rimane \u00e8 la struttura di splendidi edifici che ad un secolo di distanza continuano ad essere tremendamente moderni.<\/p>\n<p><a class=\"anchor-article\" name=\"caratteristiche\"><\/a><\/p>\n<h3>Caratteristiche dell\u2019architettura fascista.<\/h3>\n<p>L\u2019architettura nata e sviluppatasi in Italia nel corso del ventennio fascista ha saputo coniugare le tendenze progettuali pi\u00f9 avanzate dell\u2019epoca con le linee dell\u2019arte e dell\u2019architettura imperiale romana. <\/p>\n<p>Differentemente da ci\u00f2 che accadeva negli altri regimi totalitari, in Italia l\u2019esaltazione del classicismo fu alimentato senza per\u00f2 esagerare e accentuare gli eccessi. L\u2019utilizzo di materiali nobili come travertino e marmo aiuto inoltre a rendere pi\u00f9 eleganti e meno \u201cmilitaresche\u201d le progettazioni tipiche dell\u2019architettura fascista.<\/p>\n<p><a class=\"anchor-article\" name=\"stili\"><\/a><\/p>\n<h3>Stili e tendenze.<\/h3>\n<p>Gli stili che caratterizzarono il lavoro degli architetti che operano in questo controverso periodo storico svilupparono due stili ben distinti: il razionalismo funzionalista e il classicismo neo-romano.<\/p>\n<p><a class=\"anchor-article\" name=\"razionalismo\"><\/a><\/p>\n<h4>Razionalismo funzionalista.<\/h4>\n<p>Il razionalismo funzionalista italiano \u00e8 una particolare corrente architettonica nata e sviluppata in Italia tra il 1920 e il 1940. Sviluppata in seno al Movimento Moderno internazionale ha come sue basi culturali gli insegnamenti vitruviani tipici dell\u2019architettura romana e le teorie rinascimentali di <strong>Leon Battista Alberti<\/strong>.<\/p>\n<p><a class=\"anchor-article\" name=\"classicismo\"><\/a><\/p>\n<h4>Classicismo neo-romano.<\/h4>\n<p>Il classicismo neo romano trova fondamento nelle dottrine del classicismo tradizionale settecentesco. Le linee guida del neo classicismo sono da ricercare nell\u2019esaltazione dell\u2019arte e dell\u2019architettura antica, in particolare di quella greca e romana.<\/p>\n<p><a class=\"anchor-article\" name=\"differenze\"><\/a><\/p>\n<h3>Differenze tra stile littorio e architettura fascista.<\/h3>\n<p>Lo <strong>stile Littorio<\/strong>, nato in Italia a partire dagli anni 30 del \u2018900 \u00e8 un particolare stile decorativo che si sviluppo in seno all\u2019architettura fascista e che mirava a incensare e omaggiare il <strong>regime fascista<\/strong>. <\/p>\n<p>Secondo questo stile tutta l\u2019architettura doveva essere improntata a comunicare la magnificenza e l\u2019importanza dei simboli del Regime attraverso l\u2019utilizzo di forme architettoniche semplici e ultra razionali. <\/p>\n<p>Il primo utilizzo di questo termine si fa riferire a <strong>Saverio Palozzi nel 1934<\/strong>, in riferimento alla sede nazionale del Partito Nazionale Fascista.<\/p>\n<p><a class=\"anchor-article\" name=\"seiunarchitetto\"><\/a><\/p>\n<h3>Sei un\u00a0<strong>architetto<\/strong>? Per lavorare al meglio devi costantemente aggiornare le tue competenze architetti?<\/h3>\n<p>Unione Professionisti ti d\u00e0 la possibilit\u00e0 di progettare e completare da solo il tuo percorso di studi, proponendoti tutti i suoi corsi, sviluppati in\u00a0<strong>modalit\u00e0 FAD asincrona<\/strong>, accreditati presso il\u00a0<strong>CNAPPC<\/strong>.<\/p>\n<div class=\"wp-block-buttons\">\n<div class=\"wp-block-button has-custom-width wp-block-button__width-100\"><a class=\"wp-block-button__link has-background\" href=\"https:\/\/shop.unioneprofessionisti.com\/promo-architetti\/?utm_source=Article%20Marketing&amp;utm_medium=Link&amp;utm_campaign=Crediti%20Architetti&amp;utm_content=Clicca%20qui\" style=\"border-radius:50px;background-color:#f57f00\" target=\"_blank\" rel=\"noreferrer noopener\"><strong>Scopri la promozione che Unione Professionisti ha pensato per gli Architetti. <\/strong><\/a><\/div>\n<\/div>\n<p>L&#8217;articolo <a rel=\"nofollow\" href=\"https:\/\/www.unioneingegneri.com\/architettura-fascista-caratteristiche-importanza\/\">Architettura fascista: caratteristiche e importanza<\/a> proviene da <a rel=\"nofollow\" href=\"https:\/\/www.unioneingegneri.com\/\">Unione Geometri<\/a>.<\/p>\n<\/div>\n<p><a href=\"https:\/\/www.unionearchitetti.com\/architettura-fascista-caratteristiche-importanza\">Vai alla fonte.<\/a><\/p>\n<p>Autore: Mauro Melis<\/p>\n<p class=\"wpematico_credit\"><small>Powered by <a href=\"http:\/\/www.wpematico.com\" target=\"_blank\" rel=\"noopener noreferrer\">WPeMatico<\/a><\/small><\/p>\n<p><strong>_________________________________<\/strong><\/p>\n<p><strong>CFD FEA Service SRL<\/strong> &egrave; una societ&agrave; di servizi che offre <em>consulenza<\/em> e <em>formazione<\/em> in ambito <strong>ingegneria<\/strong> e <strong>IT<\/strong>. Se questo post\/prodotto ti &egrave; piaciuto ti invitiamo a:<\/p>\n<ul>\n<li>visionare il nostro <a href=\"https:\/\/cfdfeaservice.it\/index.php\/blog\/\" target=\"_blank\" rel=\"noopener\">blog<\/a><\/li>\n<li>visionare i <a href=\"https:\/\/cfdfeaservice.it\/index.php\/prodotti\/\" target=\"_blank\" rel=\"noopener\">software<\/a> disponibili - anche per la formazione<\/li>\n<li>iscriverti alla nostra newsletter<\/li>\n<li>entrare in contatto con noi attraverso la <a href=\"https:\/\/cfdfeaservice.it\/#ribbon\" target=\"_blank\" rel=\"noopener\">pagina contatti<\/a><\/li>\n<\/ul>\n<p>Saremo lieti di seguire le tue richieste e fornire risposte alle tue domande.<\/p>","protected":false},"excerpt":{"rendered":"<p>L\u2019architettura fascista pu\u00f2 essere definita come uno stile rientrante nella cosiddetta \u00abArt D\u00e9co\u00bb, ma con in pi\u00f9 una qualit\u00e0 particolare. Ci\u00f2 che vide la luce in Italia negli anni 20 e 30 del 900 fu uno squisito esercizio di stile, che trova pochi paragoni nel resto del mondo, che port\u00f2 [&hellip;]<\/p>\n","protected":false},"author":8,"featured_media":0,"comment_status":"closed","ping_status":"closed","sticky":false,"template":"","format":"standard","meta":{"spay_email":""},"categories":[57],"tags":[],"jetpack_featured_media_url":"","yoast_head":"<!-- This site is optimized with the Yoast SEO plugin v15.1.1 - https:\/\/yoast.com\/wordpress\/plugins\/seo\/ -->\n<title>Architettura fascista: caratteristiche e importanza - CFD FEA\/FEM Service<\/title>\n<meta name=\"robots\" content=\"index, follow, max-snippet:-1, max-image-preview:large, max-video-preview:-1\" \/>\n<link rel=\"canonical\" href=\"https:\/\/test.cfdfeaservice.it\/index.php\/2022\/06\/10\/architettura-fascista-caratteristiche-e-importanza\/\" \/>\n<meta property=\"og:locale\" content=\"en_GB\" \/>\n<meta property=\"og:type\" content=\"article\" \/>\n<meta property=\"og:title\" content=\"Architettura fascista: caratteristiche e importanza - CFD FEA\/FEM Service\" \/>\n<meta property=\"og:description\" content=\"L\u2019architettura fascista pu\u00f2 essere definita come uno stile rientrante nella cosiddetta \u00abArt D\u00e9co\u00bb, ma con in pi\u00f9 una qualit\u00e0 particolare. Ci\u00f2 che vide la luce in Italia negli anni 20 e 30 del 900 fu uno squisito esercizio di stile, che trova pochi paragoni nel resto del mondo, che port\u00f2 [&hellip;]\" \/>\n<meta property=\"og:url\" content=\"https:\/\/test.cfdfeaservice.it\/index.php\/2022\/06\/10\/architettura-fascista-caratteristiche-e-importanza\/\" \/>\n<meta property=\"og:site_name\" content=\"CFD FEA\/FEM Service\" \/>\n<meta property=\"article:publisher\" content=\"https:\/\/www.facebook.com\/cfdfeaservice\" \/>\n<meta property=\"article:published_time\" content=\"2022-06-10T02:45:26+00:00\" \/>\n<meta name=\"twitter:card\" content=\"summary\" \/>\n<script type=\"application\/ld+json\" class=\"yoast-schema-graph\">{\"@context\":\"https:\/\/schema.org\",\"@graph\":[{\"@type\":\"Organization\",\"@id\":\"https:\/\/test.cfdfeaservice.it\/#organization\",\"name\":\"CFD FEA SERVICE SRL\",\"url\":\"https:\/\/test.cfdfeaservice.it\/\",\"sameAs\":[\"https:\/\/www.facebook.com\/cfdfeaservice\",\"https:\/\/www.linkedin.com\/company\/11421185\/\",\"https:\/\/www.youtube.com\/channel\/UCr2h1DbpsNDKJSBAgeWMbfA\"],\"logo\":{\"@type\":\"ImageObject\",\"@id\":\"https:\/\/test.cfdfeaservice.it\/#logo\",\"inLanguage\":\"en-GB\",\"url\":\"https:\/\/i2.wp.com\/test.cfdfeaservice.it\/wp-content\/uploads\/2018\/07\/CFD-FEA-SERVICE-Compact.png?fit=677%2C178&ssl=1\",\"width\":677,\"height\":178,\"caption\":\"CFD FEA SERVICE SRL\"},\"image\":{\"@id\":\"https:\/\/test.cfdfeaservice.it\/#logo\"}},{\"@type\":\"WebSite\",\"@id\":\"https:\/\/test.cfdfeaservice.it\/#website\",\"url\":\"https:\/\/test.cfdfeaservice.it\/\",\"name\":\"CFD FEA\/FEM Service\",\"description\":\"Servizi di ingegneria 4.0\",\"publisher\":{\"@id\":\"https:\/\/test.cfdfeaservice.it\/#organization\"},\"potentialAction\":[{\"@type\":\"SearchAction\",\"target\":\"https:\/\/test.cfdfeaservice.it\/?s={search_term_string}\",\"query-input\":\"required name=search_term_string\"}],\"inLanguage\":\"en-GB\"},{\"@type\":\"WebPage\",\"@id\":\"https:\/\/test.cfdfeaservice.it\/index.php\/2022\/06\/10\/architettura-fascista-caratteristiche-e-importanza\/#webpage\",\"url\":\"https:\/\/test.cfdfeaservice.it\/index.php\/2022\/06\/10\/architettura-fascista-caratteristiche-e-importanza\/\",\"name\":\"Architettura fascista: caratteristiche e importanza - CFD FEA\/FEM Service\",\"isPartOf\":{\"@id\":\"https:\/\/test.cfdfeaservice.it\/#website\"},\"datePublished\":\"2022-06-10T02:45:26+00:00\",\"dateModified\":\"2022-06-10T02:45:26+00:00\",\"inLanguage\":\"en-GB\",\"potentialAction\":[{\"@type\":\"ReadAction\",\"target\":[\"https:\/\/test.cfdfeaservice.it\/index.php\/2022\/06\/10\/architettura-fascista-caratteristiche-e-importanza\/\"]}]},{\"@type\":\"Article\",\"@id\":\"https:\/\/test.cfdfeaservice.it\/index.php\/2022\/06\/10\/architettura-fascista-caratteristiche-e-importanza\/#article\",\"isPartOf\":{\"@id\":\"https:\/\/test.cfdfeaservice.it\/index.php\/2022\/06\/10\/architettura-fascista-caratteristiche-e-importanza\/#webpage\"},\"author\":{\"@id\":\"https:\/\/test.cfdfeaservice.it\/#\/schema\/person\/c3b6ebdd7f80794fe6e6657f2f5335e7\"},\"headline\":\"Architettura fascista: caratteristiche e importanza\",\"datePublished\":\"2022-06-10T02:45:26+00:00\",\"dateModified\":\"2022-06-10T02:45:26+00:00\",\"mainEntityOfPage\":{\"@id\":\"https:\/\/test.cfdfeaservice.it\/index.php\/2022\/06\/10\/architettura-fascista-caratteristiche-e-importanza\/#webpage\"},\"publisher\":{\"@id\":\"https:\/\/test.cfdfeaservice.it\/#organization\"},\"articleSection\":\"Normativa\",\"inLanguage\":\"en-GB\"},{\"@type\":\"Person\",\"@id\":\"https:\/\/test.cfdfeaservice.it\/#\/schema\/person\/c3b6ebdd7f80794fe6e6657f2f5335e7\",\"name\":\"CFD FEA SERVICE\",\"image\":{\"@type\":\"ImageObject\",\"@id\":\"https:\/\/test.cfdfeaservice.it\/#personlogo\",\"inLanguage\":\"en-GB\",\"url\":\"https:\/\/secure.gravatar.com\/avatar\/a34dbcf675cd4152f1184664b3adcb72?s=96&d=mm&r=g\",\"caption\":\"CFD FEA SERVICE\"}}]}<\/script>\n<!-- \/ Yoast SEO plugin. -->","jetpack_shortlink":"https:\/\/wp.me\/p9JrPq-5xB","jetpack_sharing_enabled":true,"_links":{"self":[{"href":"https:\/\/test.cfdfeaservice.it\/index.php\/wp-json\/wp\/v2\/posts\/21303"}],"collection":[{"href":"https:\/\/test.cfdfeaservice.it\/index.php\/wp-json\/wp\/v2\/posts"}],"about":[{"href":"https:\/\/test.cfdfeaservice.it\/index.php\/wp-json\/wp\/v2\/types\/post"}],"author":[{"embeddable":true,"href":"https:\/\/test.cfdfeaservice.it\/index.php\/wp-json\/wp\/v2\/users\/8"}],"replies":[{"embeddable":true,"href":"https:\/\/test.cfdfeaservice.it\/index.php\/wp-json\/wp\/v2\/comments?post=21303"}],"version-history":[{"count":0,"href":"https:\/\/test.cfdfeaservice.it\/index.php\/wp-json\/wp\/v2\/posts\/21303\/revisions"}],"wp:attachment":[{"href":"https:\/\/test.cfdfeaservice.it\/index.php\/wp-json\/wp\/v2\/media?parent=21303"}],"wp:term":[{"taxonomy":"category","embeddable":true,"href":"https:\/\/test.cfdfeaservice.it\/index.php\/wp-json\/wp\/v2\/categories?post=21303"},{"taxonomy":"post_tag","embeddable":true,"href":"https:\/\/test.cfdfeaservice.it\/index.php\/wp-json\/wp\/v2\/tags?post=21303"}],"curies":[{"name":"wp","href":"https:\/\/api.w.org\/{rel}","templated":true}]}}