{"id":21014,"date":"2022-03-18T15:05:14","date_gmt":"2022-03-18T14:05:14","guid":{"rendered":"https:\/\/test.cfdfeaservice.it\/index.php\/2022\/03\/18\/chi-e-larchitetto-africano-diebedo-francis-kere-che-ha-vinto-il-pritzker-prize-2022\/"},"modified":"2022-03-18T15:05:14","modified_gmt":"2022-03-18T14:05:14","slug":"chi-e-larchitetto-africano-diebedo-francis-kere-che-ha-vinto-il-pritzker-prize-2022","status":"publish","type":"post","link":"https:\/\/test.cfdfeaservice.it\/index.php\/2022\/03\/18\/chi-e-larchitetto-africano-diebedo-francis-kere-che-ha-vinto-il-pritzker-prize-2022\/","title":{"rendered":"Chi \u00e8 l\u2019architetto africano Di\u00e9b\u00e9do Francis K\u00e9r\u00e9 che ha vinto il Pritzker Prize 2022."},"content":{"rendered":"<div>\n<p>Il prestigioso riconoscimento del <strong>Premio D\u2019Architettura Pritzker<\/strong> vola in Africa e rende un omaggio, forse un poco tardivo, al mondo degli architetti africani. Ad aggiudicarselo, per quanto riguarda l\u2019edizione 2022, \u00e8 stato l\u2019architetto del Burkina Faso <strong>Di\u00e9b\u00e9do Francis K\u00e9r\u00e9<\/strong>.<\/p>\n<h2>Di\u00e9b\u00e9do Francis K\u00e9r\u00e9 ha vinto il Pritzker Prize, primo tra gli architetti africani ad aggiudicarsi il prestigioso riconoscimento.<\/h2>\n<p><strong>In questo articolo.<\/strong><\/p>\n<div class=\"index-article\">\n<ol>\n<li><a href=\"https:\/\/www.unioneingegneri.com\/#kere\">K\u00e9r\u00e9 Architecture.<\/a><\/li>\n<li><a href=\"https:\/\/www.unioneingegneri.com\/#diebedo\">Di\u00e9b\u00e9do Francis K\u00e9r\u00e9: le motivazioni alla base del Pritzker Prize.<\/a><\/li>\n<li><a href=\"https:\/\/www.unioneingegneri.com\/#seiunarchitetto\">Sei un architetto? Per lavorare al meglio devi costantemente aggiornare le tue competenze architetti?<\/a><\/li>\n<\/ol>\n<\/div>\n<p>Ker\u00e9 arriva al riconoscimento, al pi\u00f9 importante premio mondiale nel campo dell\u2019architettura, all\u2019eta di 56 anni. Nato in Burkina Faso, nel piccolo villaggio di Gando, Di\u00e9b\u00e9do Francis K\u00e9r\u00e9 ha studiato <a href=\"https:\/\/www.unionegeometri.com\/a-berlino-gli-alberi-diventano-librerie\/\">architettura all\u2019universit\u00e0 di Berlino<\/a>, citt\u00e0 dove risiede ormai dal 1985.<\/p>\n<p><a class=\"anchor-article\" name=\"kere\"><\/a><\/p>\n<h3>K\u00e9r\u00e9 Architecture.<\/h3>\n<p>Nonostante K\u00e9r\u00e9 viva da circa quarant\u2019anni nel cuore della vecchia Europa, il suo lavoro e le sue competenze hanno trovato espressione e possibilit\u00e0 di realizzazione anche in Africa.<\/p>\n<p>Nel 1998 nasce la <strong>K\u00e9r\u00e9 Foundation<\/strong>, una fondazione costituita con lo scopo di migliorare le condizione di vita del suo villaggio natale. Nel 2005 nasce la <strong>K\u00e9r\u00e9 Architetture<\/strong>, oggi cuore e motore dell\u2019attivit\u00e0 professionale di K\u00e9r\u00e9, una realt\u00e0 che nel corso degli anni \u00e8 riuscita a ottenere numerosi riconoscimenti, oltre che aver progettato edifici e complessi immobiliari in Mali, Benin, Kenya e Togo. Le linee e il concetto d\u2019architettura di <strong>Di\u00e9b\u00e9do Francis K\u00e9r\u00e9 <\/strong>hanno comunque riscosso apprezzamenti anche nel resto del mondo, Stati Uniti e Germania su tutti.<\/p>\n<p><a class=\"anchor-article\" name=\"diebedo\"><\/a><\/p>\n<h3>Di\u00e9b\u00e9do Francis K\u00e9r\u00e9: le motivazioni alla base del Pritzker Prize.<\/h3>\n<p>La fondazione che giudica e assegna il prestigioso riconoscimento Pritzker ha motivato la scelta di premiare per la prima volta un architetto africano ricordando le immense capacit\u00e0 di Di\u00e9b\u00e9do Francis K\u00e9r\u00e9 nel \u201cdare forza e trasformare le comunit\u00e0 attraverso e grazie all\u2019architettura\u201d.<\/p>\n<p>Grazie alla sua dedizione per l\u2019impegno e la giustizia sociale, ha dichiarato la <a href=\"https:\/\/www.pritzkerprize.com\/\" target=\"_blank\" rel=\"noreferrer noopener\">fondazione Pritzker<\/a>, all\u2019uso sapiente dei materiali locali per connettersi e adattarsi al clima naturale, <strong>Di\u00e9b\u00e9do Francis K\u00e9r\u00e9<\/strong> \u00e8 il miglior esempio globale di quanto e di cosa l\u2019architettura debba fare. Focalizzarsi sui processi e sugli obiettivi mettendo in secondo piano oggetti e prodotti.<\/p>\n<p><a class=\"anchor-article\" name=\"seiunarchitetto\"><\/a><\/p>\n<h3>Sei un\u00a0<strong>architetto<\/strong>? Per lavorare al meglio devi costantemente aggiornare le tue competenze architetti?<\/h3>\n<p>Unione Professionisti ti d\u00e0 la possibilit\u00e0 di progettare e completare da solo il tuo percorso di studi, proponendoti tutti i suoi corsi, sviluppati in\u00a0<strong>modalit\u00e0 FAD asincrona<\/strong>, accreditati presso il\u00a0<strong>CNAPPC<\/strong>.<\/p>\n<div class=\"wp-block-buttons\">\n<div class=\"wp-block-button has-custom-width wp-block-button__width-100\"><a class=\"wp-block-button__link has-background\" href=\"https:\/\/shop.unioneprofessionisti.com\/promo-architetti\/?utm_source=Article%20Marketing&amp;utm_medium=Link&amp;utm_campaign=Crediti%20Architetti&amp;utm_content=Clicca%20qui\" style=\"border-radius:50px;background-color:#f57f00\" target=\"_blank\" rel=\"noreferrer noopener\"><strong>Scopri la promozione che Unione Professionisti ha pensato per gli Architetti. <\/strong><\/a><\/div>\n<\/div>\n<p>L&#8217;articolo <a rel=\"nofollow\" href=\"https:\/\/www.unioneingegneri.com\/diebedo-francis-kere-pritzker-prize-2022\/\">Chi \u00e8 l\u2019architetto africano Di\u00e9b\u00e9do Francis K\u00e9r\u00e9 che ha vinto il Pritzker Prize 2022.<\/a> proviene da <a rel=\"nofollow\" href=\"https:\/\/www.unioneingegneri.com\/\">Unione Geometri<\/a>.<\/p>\n<\/div>\n<p><a href=\"https:\/\/www.unionearchitetti.com\/diebedo-francis-kere-pritzker-prize-2022\">Vai alla fonte.<\/a><\/p>\n<p>Autore: Mauro Melis<\/p>\n<p class=\"wpematico_credit\"><small>Powered by <a href=\"http:\/\/www.wpematico.com\" target=\"_blank\" rel=\"noopener noreferrer\">WPeMatico<\/a><\/small><\/p>\n<p><strong>_________________________________<\/strong><\/p>\n<p><strong>CFD FEA Service SRL<\/strong> &egrave; una societ&agrave; di servizi che offre <em>consulenza<\/em> e <em>formazione<\/em> in ambito <strong>ingegneria<\/strong> e <strong>IT<\/strong>. Se questo post\/prodotto ti &egrave; piaciuto ti invitiamo a:<\/p>\n<ul>\n<li>visionare il nostro <a href=\"https:\/\/cfdfeaservice.it\/index.php\/blog\/\" target=\"_blank\" rel=\"noopener\">blog<\/a><\/li>\n<li>visionare i <a href=\"https:\/\/cfdfeaservice.it\/index.php\/prodotti\/\" target=\"_blank\" rel=\"noopener\">software<\/a> disponibili - anche per la formazione<\/li>\n<li>iscriverti alla nostra newsletter<\/li>\n<li>entrare in contatto con noi attraverso la <a href=\"https:\/\/cfdfeaservice.it\/#ribbon\" target=\"_blank\" rel=\"noopener\">pagina contatti<\/a><\/li>\n<\/ul>\n<p>Saremo lieti di seguire le tue richieste e fornire risposte alle tue domande.<\/p>","protected":false},"excerpt":{"rendered":"<p>Il prestigioso riconoscimento del Premio D\u2019Architettura Pritzker vola in Africa e rende un omaggio, forse un poco tardivo, al mondo degli architetti africani. Ad aggiudicarselo, per quanto riguarda l\u2019edizione 2022, \u00e8 stato l\u2019architetto del Burkina Faso Di\u00e9b\u00e9do Francis K\u00e9r\u00e9. Di\u00e9b\u00e9do Francis K\u00e9r\u00e9 ha vinto il Pritzker Prize, primo tra gli [&hellip;]<\/p>\n","protected":false},"author":8,"featured_media":0,"comment_status":"closed","ping_status":"closed","sticky":false,"template":"","format":"standard","meta":{"spay_email":""},"categories":[57],"tags":[],"jetpack_featured_media_url":"","yoast_head":"<!-- This site is optimized with the Yoast SEO plugin v15.1.1 - https:\/\/yoast.com\/wordpress\/plugins\/seo\/ -->\n<title>Chi \u00e8 l\u2019architetto africano Di\u00e9b\u00e9do Francis K\u00e9r\u00e9 che ha vinto il Pritzker Prize 2022. - CFD FEA\/FEM Service<\/title>\n<meta name=\"robots\" content=\"index, follow, max-snippet:-1, max-image-preview:large, max-video-preview:-1\" \/>\n<link rel=\"canonical\" href=\"https:\/\/test.cfdfeaservice.it\/index.php\/2022\/03\/18\/chi-e-larchitetto-africano-diebedo-francis-kere-che-ha-vinto-il-pritzker-prize-2022\/\" \/>\n<meta property=\"og:locale\" content=\"en_GB\" \/>\n<meta property=\"og:type\" content=\"article\" \/>\n<meta property=\"og:title\" content=\"Chi \u00e8 l\u2019architetto africano Di\u00e9b\u00e9do Francis K\u00e9r\u00e9 che ha vinto il Pritzker Prize 2022. - CFD FEA\/FEM Service\" \/>\n<meta property=\"og:description\" content=\"Il prestigioso riconoscimento del Premio D\u2019Architettura Pritzker vola in Africa e rende un omaggio, forse un poco tardivo, al mondo degli architetti africani. Ad aggiudicarselo, per quanto riguarda l\u2019edizione 2022, \u00e8 stato l\u2019architetto del Burkina Faso Di\u00e9b\u00e9do Francis K\u00e9r\u00e9. Di\u00e9b\u00e9do Francis K\u00e9r\u00e9 ha vinto il Pritzker Prize, primo tra gli [&hellip;]\" \/>\n<meta property=\"og:url\" content=\"https:\/\/test.cfdfeaservice.it\/index.php\/2022\/03\/18\/chi-e-larchitetto-africano-diebedo-francis-kere-che-ha-vinto-il-pritzker-prize-2022\/\" \/>\n<meta property=\"og:site_name\" content=\"CFD FEA\/FEM Service\" \/>\n<meta property=\"article:publisher\" content=\"https:\/\/www.facebook.com\/cfdfeaservice\" \/>\n<meta property=\"article:published_time\" content=\"2022-03-18T14:05:14+00:00\" \/>\n<meta name=\"twitter:card\" content=\"summary\" \/>\n<script type=\"application\/ld+json\" class=\"yoast-schema-graph\">{\"@context\":\"https:\/\/schema.org\",\"@graph\":[{\"@type\":\"Organization\",\"@id\":\"https:\/\/test.cfdfeaservice.it\/#organization\",\"name\":\"CFD FEA SERVICE SRL\",\"url\":\"https:\/\/test.cfdfeaservice.it\/\",\"sameAs\":[\"https:\/\/www.facebook.com\/cfdfeaservice\",\"https:\/\/www.linkedin.com\/company\/11421185\/\",\"https:\/\/www.youtube.com\/channel\/UCr2h1DbpsNDKJSBAgeWMbfA\"],\"logo\":{\"@type\":\"ImageObject\",\"@id\":\"https:\/\/test.cfdfeaservice.it\/#logo\",\"inLanguage\":\"en-GB\",\"url\":\"https:\/\/i2.wp.com\/test.cfdfeaservice.it\/wp-content\/uploads\/2018\/07\/CFD-FEA-SERVICE-Compact.png?fit=677%2C178&ssl=1\",\"width\":677,\"height\":178,\"caption\":\"CFD FEA SERVICE SRL\"},\"image\":{\"@id\":\"https:\/\/test.cfdfeaservice.it\/#logo\"}},{\"@type\":\"WebSite\",\"@id\":\"https:\/\/test.cfdfeaservice.it\/#website\",\"url\":\"https:\/\/test.cfdfeaservice.it\/\",\"name\":\"CFD FEA\/FEM Service\",\"description\":\"Servizi di ingegneria 4.0\",\"publisher\":{\"@id\":\"https:\/\/test.cfdfeaservice.it\/#organization\"},\"potentialAction\":[{\"@type\":\"SearchAction\",\"target\":\"https:\/\/test.cfdfeaservice.it\/?s={search_term_string}\",\"query-input\":\"required name=search_term_string\"}],\"inLanguage\":\"en-GB\"},{\"@type\":\"WebPage\",\"@id\":\"https:\/\/test.cfdfeaservice.it\/index.php\/2022\/03\/18\/chi-e-larchitetto-africano-diebedo-francis-kere-che-ha-vinto-il-pritzker-prize-2022\/#webpage\",\"url\":\"https:\/\/test.cfdfeaservice.it\/index.php\/2022\/03\/18\/chi-e-larchitetto-africano-diebedo-francis-kere-che-ha-vinto-il-pritzker-prize-2022\/\",\"name\":\"Chi \\u00e8 l\\u2019architetto africano Di\\u00e9b\\u00e9do Francis K\\u00e9r\\u00e9 che ha vinto il Pritzker Prize 2022. - CFD FEA\/FEM Service\",\"isPartOf\":{\"@id\":\"https:\/\/test.cfdfeaservice.it\/#website\"},\"datePublished\":\"2022-03-18T14:05:14+00:00\",\"dateModified\":\"2022-03-18T14:05:14+00:00\",\"inLanguage\":\"en-GB\",\"potentialAction\":[{\"@type\":\"ReadAction\",\"target\":[\"https:\/\/test.cfdfeaservice.it\/index.php\/2022\/03\/18\/chi-e-larchitetto-africano-diebedo-francis-kere-che-ha-vinto-il-pritzker-prize-2022\/\"]}]},{\"@type\":\"Article\",\"@id\":\"https:\/\/test.cfdfeaservice.it\/index.php\/2022\/03\/18\/chi-e-larchitetto-africano-diebedo-francis-kere-che-ha-vinto-il-pritzker-prize-2022\/#article\",\"isPartOf\":{\"@id\":\"https:\/\/test.cfdfeaservice.it\/index.php\/2022\/03\/18\/chi-e-larchitetto-africano-diebedo-francis-kere-che-ha-vinto-il-pritzker-prize-2022\/#webpage\"},\"author\":{\"@id\":\"https:\/\/test.cfdfeaservice.it\/#\/schema\/person\/c3b6ebdd7f80794fe6e6657f2f5335e7\"},\"headline\":\"Chi \\u00e8 l\\u2019architetto africano Di\\u00e9b\\u00e9do Francis K\\u00e9r\\u00e9 che ha vinto il Pritzker Prize 2022.\",\"datePublished\":\"2022-03-18T14:05:14+00:00\",\"dateModified\":\"2022-03-18T14:05:14+00:00\",\"mainEntityOfPage\":{\"@id\":\"https:\/\/test.cfdfeaservice.it\/index.php\/2022\/03\/18\/chi-e-larchitetto-africano-diebedo-francis-kere-che-ha-vinto-il-pritzker-prize-2022\/#webpage\"},\"publisher\":{\"@id\":\"https:\/\/test.cfdfeaservice.it\/#organization\"},\"articleSection\":\"Normativa\",\"inLanguage\":\"en-GB\"},{\"@type\":\"Person\",\"@id\":\"https:\/\/test.cfdfeaservice.it\/#\/schema\/person\/c3b6ebdd7f80794fe6e6657f2f5335e7\",\"name\":\"CFD FEA SERVICE\",\"image\":{\"@type\":\"ImageObject\",\"@id\":\"https:\/\/test.cfdfeaservice.it\/#personlogo\",\"inLanguage\":\"en-GB\",\"url\":\"https:\/\/secure.gravatar.com\/avatar\/a34dbcf675cd4152f1184664b3adcb72?s=96&d=mm&r=g\",\"caption\":\"CFD FEA SERVICE\"}}]}<\/script>\n<!-- \/ Yoast SEO plugin. -->","jetpack_shortlink":"https:\/\/wp.me\/p9JrPq-5sW","jetpack_sharing_enabled":true,"_links":{"self":[{"href":"https:\/\/test.cfdfeaservice.it\/index.php\/wp-json\/wp\/v2\/posts\/21014"}],"collection":[{"href":"https:\/\/test.cfdfeaservice.it\/index.php\/wp-json\/wp\/v2\/posts"}],"about":[{"href":"https:\/\/test.cfdfeaservice.it\/index.php\/wp-json\/wp\/v2\/types\/post"}],"author":[{"embeddable":true,"href":"https:\/\/test.cfdfeaservice.it\/index.php\/wp-json\/wp\/v2\/users\/8"}],"replies":[{"embeddable":true,"href":"https:\/\/test.cfdfeaservice.it\/index.php\/wp-json\/wp\/v2\/comments?post=21014"}],"version-history":[{"count":0,"href":"https:\/\/test.cfdfeaservice.it\/index.php\/wp-json\/wp\/v2\/posts\/21014\/revisions"}],"wp:attachment":[{"href":"https:\/\/test.cfdfeaservice.it\/index.php\/wp-json\/wp\/v2\/media?parent=21014"}],"wp:term":[{"taxonomy":"category","embeddable":true,"href":"https:\/\/test.cfdfeaservice.it\/index.php\/wp-json\/wp\/v2\/categories?post=21014"},{"taxonomy":"post_tag","embeddable":true,"href":"https:\/\/test.cfdfeaservice.it\/index.php\/wp-json\/wp\/v2\/tags?post=21014"}],"curies":[{"name":"wp","href":"https:\/\/api.w.org\/{rel}","templated":true}]}}