{"id":20859,"date":"2022-01-15T11:30:20","date_gmt":"2022-01-15T10:30:20","guid":{"rendered":"https:\/\/test.cfdfeaservice.it\/index.php\/2022\/01\/15\/geometri-esclusi-dai-lavori-di-progettazione-architettonica-su-edifici-in-cemento-armato\/"},"modified":"2022-01-15T11:30:20","modified_gmt":"2022-01-15T10:30:20","slug":"geometri-esclusi-dai-lavori-di-progettazione-architettonica-su-edifici-in-cemento-armato","status":"publish","type":"post","link":"https:\/\/test.cfdfeaservice.it\/index.php\/2022\/01\/15\/geometri-esclusi-dai-lavori-di-progettazione-architettonica-su-edifici-in-cemento-armato\/","title":{"rendered":"Geometri esclusi dai lavori di progettazione architettonica su edifici in cemento armato."},"content":{"rendered":"<div>\n<p>Geometri esclusi dalla progettazione architettonica? Il dibattito sulle competenze professionali sembra non conoscere cali di tensione. Il terreno \u00e8 comunque tra i pi\u00f9 insidiosi e difficili da trattare, anche a causa della confusione creata e perpetuata ormai da decenni da parte del legislatore di turno. <\/p>\n<p>A fare luce, o almeno a provarci, \u00e8 intervenuta pi\u00f9 volte la magistratura che con diverse sentenze e decisioni, in particolare da parte della Cassazione Civile, ha recentemente ribadito alcuni \u201climiti\u201d e paventato esclusioni di competenze che non tarderanno a suscitare polemiche.<\/p>\n<p><strong>In questo articolo:<\/strong><\/p>\n<div class=\"index-article\">\n<ol>\n<li><a href=\"https:\/\/www.unioneingegneri.com\/#geometri\">Geometri esclusi dai lavori di progettazione architettonica su edifici in cemento armato. <\/a><\/li>\n<li><a href=\"https:\/\/www.unioneingegneri.com\/#scarica\">Scarica gratis la sentenza di Cassazione numero 39230 cliccando sul link che trovate al termine dell\u2019articolo.<\/a><\/li>\n<li><a href=\"https:\/\/www.unioneingegneri.com\/#seiungeometra\">Sei un geometra? La tua professione richiede un aggiornamento continuo?<\/a><\/li>\n<\/ol>\n<\/div>\n<h3>I lavori di progettazione architettonica devono essere considerati di esclusiva competenza d\u2019ingegneri e architetti. Geometri esclusi?<\/h3>\n<p>Il grande problema delle competenze professionali in edilizia nasce in Italia in seguito al procrastinarsi di una consuetudine ormai decennale. Da sempre, la progettazione e la direzione dei lavori in un cantiere edile sono state affidate ai geometri, seppure in assenza di precise normative a riguardo, e le progettazioni complesse e la direzione di lavori che prevedono calcoli strutturali vengono invece <em>sub-appaltate<\/em> a tecnici laureati.<\/p>\n<p>Questa consuetudine ha generato nel corso degli anni non poca confusione alimentata anche da leggi e sentenze pubblicate nel corso degli ultimi vent\u2019anni. Se, infatti, nel 2001 il Presidente della Repubblica con un decreto ammetteva la possibilit\u00e0 per i geometri di firmare e depositare denuncia di lavori, la Corte di Cassazione a pi\u00f9 riprese ha ribadito che geometri sono esclusi dai lavori di progettazione, ogni qual volta siano necessari calcoli strutturali complessi. Un esempio di questa limitazione \u00e8 rappresentato dalla (<em>presunta?<\/em>) mancanza di competenze dei geometri per quanto riguarda la progettazione di strutture in calcestruzzo armato.<\/p>\n<p><a class=\"anchor-article\" name=\"geometriesclusi\"><\/a><\/p>\n<h3>Geometri esclusi dai lavori di progettazione architettonica su edifici in cemento armato. <\/h3>\n<p>L\u2019ordinanza di cassazione numero 39230, pubblicata il 10\/ 12\/2021.<\/p>\n<p>Il ragionamento alla base della decisione della Cassazione \u00e8 che \u201cse i geometri si caratterizzano per delle competenze tecniche nella progettazione e nella direzione di<strong> \u201c<\/strong>piccole costruzioni accessorie in cemento armato che non richiedono particolari operazioni di calcolo e che per la loro destinazione <strong>non possono implicare pericolo per l\u2019incolumit\u00e0 delle persone\u201d<\/strong> e se le loro competenze progettuali di base sono afferenti la sfera della progettazione e Dl di edifici rurali, risulta, secondo l\u2019interpretazione data dalla Cassazione, quanto meno forzata ammettere una specifica competenza dei geometri nella progettazione e direzione lavori di costruzioni civili modeste. Costruzioni civili, \u00e8 questo \u00e8 stato il ragionamento dei giudici di Cassazione, che oggi hanno sempre ricadute sull\u2019incolumit\u00e0 delle persone.<\/p>\n<p><a class=\"anchor-article\" name=\"scarica\"><\/a><\/p>\n<h3>Scarica gratis la sentenza di Cassazione numero 39230 cliccando sul link che trovate al termine dell\u2019articolo.<\/h3>\n<p><a class=\"anchor-article\" name=\"seiungeometra\"><\/a><\/p>\n<h3>Sei un geometra? La tua professione richiede un aggiornamento continuo?<\/h3>\n<p>Unione Professionisti ti d\u00e0 la possibilit\u00e0 di progettare e completare da solo il tuo percorso di studi, proponendoti tutti i suoi corsi, sviluppati in modalit\u00e0 FAD asincrona, accreditati presso il\u00a0<strong>CNGeGL<\/strong>.<\/p>\n<div class=\"wp-block-buttons\">\n<div class=\"wp-block-button has-custom-width wp-block-button__width-100\"><a class=\"wp-block-button__link has-background\" href=\"https:\/\/shop.unioneprofessionisti.com\/promo-geometri\/?utm_source=Article%20Marketing&amp;utm_medium=Link&amp;utm_campaign=Crediti%20Geometri&amp;utm_content=Clicca%20qui\" style=\"border-radius:50px;background-color:#d5a500\" target=\"_blank\" rel=\"noreferrer noopener\"><strong>Scopri i corsi in promozione che Unione Professionisti ha riservato ai Geometri.<\/strong><\/a><\/div>\n<\/div>\n<p>L&#8217;articolo <a rel=\"nofollow\" href=\"https:\/\/www.unioneingegneri.com\/geometri-esclusi-da-lavori-di-progettazione-architettonica-cass-39230\/\">Geometri esclusi dai lavori di progettazione architettonica su edifici in cemento armato.<\/a> proviene da <a rel=\"nofollow\" href=\"https:\/\/www.unioneingegneri.com\/\">Unione Geometri<\/a>.<\/p>\n<\/div>\n<p><a href=\"https:\/\/www.unionegeometri.com\/geometri-esclusi-da-lavori-di-progettazione-architettonica-cass-39230\">Vai alla fonte.<\/a><\/p>\n<p>Autore: Mauro Melis<\/p>\n<p class=\"wpematico_credit\"><small>Powered by <a href=\"http:\/\/www.wpematico.com\" target=\"_blank\" rel=\"noopener noreferrer\">WPeMatico<\/a><\/small><\/p>\n<p><strong>_________________________________<\/strong><\/p>\n<p><strong>CFD FEA Service SRL<\/strong> &egrave; una societ&agrave; di servizi che offre <em>consulenza<\/em> e <em>formazione<\/em> in ambito <strong>ingegneria<\/strong> e <strong>IT<\/strong>. Se questo post\/prodotto ti &egrave; piaciuto ti invitiamo a:<\/p>\n<ul>\n<li>visionare il nostro <a href=\"https:\/\/cfdfeaservice.it\/index.php\/blog\/\" target=\"_blank\" rel=\"noopener\">blog<\/a><\/li>\n<li>visionare i <a href=\"https:\/\/cfdfeaservice.it\/index.php\/prodotti\/\" target=\"_blank\" rel=\"noopener\">software<\/a> disponibili - anche per la formazione<\/li>\n<li>iscriverti alla nostra newsletter<\/li>\n<li>entrare in contatto con noi attraverso la <a href=\"https:\/\/cfdfeaservice.it\/#ribbon\" target=\"_blank\" rel=\"noopener\">pagina contatti<\/a><\/li>\n<\/ul>\n<p>Saremo lieti di seguire le tue richieste e fornire risposte alle tue domande.<\/p>","protected":false},"excerpt":{"rendered":"<p>Geometri esclusi dalla progettazione architettonica? Il dibattito sulle competenze professionali sembra non conoscere cali di tensione. Il terreno \u00e8 comunque tra i pi\u00f9 insidiosi e difficili da trattare, anche a causa della confusione creata e perpetuata ormai da decenni da parte del legislatore di turno. A fare luce, o almeno [&hellip;]<\/p>\n","protected":false},"author":8,"featured_media":0,"comment_status":"closed","ping_status":"closed","sticky":false,"template":"","format":"standard","meta":{"spay_email":""},"categories":[57],"tags":[],"jetpack_featured_media_url":"","yoast_head":"<!-- This site is optimized with the Yoast SEO plugin v15.1.1 - https:\/\/yoast.com\/wordpress\/plugins\/seo\/ -->\n<title>Geometri esclusi dai lavori di progettazione architettonica su edifici in cemento armato. - CFD FEA\/FEM Service<\/title>\n<meta name=\"robots\" content=\"index, follow, max-snippet:-1, max-image-preview:large, max-video-preview:-1\" \/>\n<link rel=\"canonical\" href=\"https:\/\/test.cfdfeaservice.it\/index.php\/2022\/01\/15\/geometri-esclusi-dai-lavori-di-progettazione-architettonica-su-edifici-in-cemento-armato\/\" \/>\n<meta property=\"og:locale\" content=\"en_GB\" \/>\n<meta property=\"og:type\" content=\"article\" \/>\n<meta property=\"og:title\" content=\"Geometri esclusi dai lavori di progettazione architettonica su edifici in cemento armato. - CFD FEA\/FEM Service\" \/>\n<meta property=\"og:description\" content=\"Geometri esclusi dalla progettazione architettonica? Il dibattito sulle competenze professionali sembra non conoscere cali di tensione. Il terreno \u00e8 comunque tra i pi\u00f9 insidiosi e difficili da trattare, anche a causa della confusione creata e perpetuata ormai da decenni da parte del legislatore di turno. A fare luce, o almeno [&hellip;]\" \/>\n<meta property=\"og:url\" content=\"https:\/\/test.cfdfeaservice.it\/index.php\/2022\/01\/15\/geometri-esclusi-dai-lavori-di-progettazione-architettonica-su-edifici-in-cemento-armato\/\" \/>\n<meta property=\"og:site_name\" content=\"CFD FEA\/FEM Service\" \/>\n<meta property=\"article:publisher\" content=\"https:\/\/www.facebook.com\/cfdfeaservice\" \/>\n<meta property=\"article:published_time\" content=\"2022-01-15T10:30:20+00:00\" \/>\n<meta name=\"twitter:card\" content=\"summary\" \/>\n<script type=\"application\/ld+json\" class=\"yoast-schema-graph\">{\"@context\":\"https:\/\/schema.org\",\"@graph\":[{\"@type\":\"Organization\",\"@id\":\"https:\/\/test.cfdfeaservice.it\/#organization\",\"name\":\"CFD FEA SERVICE SRL\",\"url\":\"https:\/\/test.cfdfeaservice.it\/\",\"sameAs\":[\"https:\/\/www.facebook.com\/cfdfeaservice\",\"https:\/\/www.linkedin.com\/company\/11421185\/\",\"https:\/\/www.youtube.com\/channel\/UCr2h1DbpsNDKJSBAgeWMbfA\"],\"logo\":{\"@type\":\"ImageObject\",\"@id\":\"https:\/\/test.cfdfeaservice.it\/#logo\",\"inLanguage\":\"en-GB\",\"url\":\"https:\/\/i2.wp.com\/test.cfdfeaservice.it\/wp-content\/uploads\/2018\/07\/CFD-FEA-SERVICE-Compact.png?fit=677%2C178&ssl=1\",\"width\":677,\"height\":178,\"caption\":\"CFD FEA SERVICE SRL\"},\"image\":{\"@id\":\"https:\/\/test.cfdfeaservice.it\/#logo\"}},{\"@type\":\"WebSite\",\"@id\":\"https:\/\/test.cfdfeaservice.it\/#website\",\"url\":\"https:\/\/test.cfdfeaservice.it\/\",\"name\":\"CFD FEA\/FEM Service\",\"description\":\"Servizi di ingegneria 4.0\",\"publisher\":{\"@id\":\"https:\/\/test.cfdfeaservice.it\/#organization\"},\"potentialAction\":[{\"@type\":\"SearchAction\",\"target\":\"https:\/\/test.cfdfeaservice.it\/?s={search_term_string}\",\"query-input\":\"required name=search_term_string\"}],\"inLanguage\":\"en-GB\"},{\"@type\":\"WebPage\",\"@id\":\"https:\/\/test.cfdfeaservice.it\/index.php\/2022\/01\/15\/geometri-esclusi-dai-lavori-di-progettazione-architettonica-su-edifici-in-cemento-armato\/#webpage\",\"url\":\"https:\/\/test.cfdfeaservice.it\/index.php\/2022\/01\/15\/geometri-esclusi-dai-lavori-di-progettazione-architettonica-su-edifici-in-cemento-armato\/\",\"name\":\"Geometri esclusi dai lavori di progettazione architettonica su edifici in cemento armato. - CFD FEA\/FEM Service\",\"isPartOf\":{\"@id\":\"https:\/\/test.cfdfeaservice.it\/#website\"},\"datePublished\":\"2022-01-15T10:30:20+00:00\",\"dateModified\":\"2022-01-15T10:30:20+00:00\",\"inLanguage\":\"en-GB\",\"potentialAction\":[{\"@type\":\"ReadAction\",\"target\":[\"https:\/\/test.cfdfeaservice.it\/index.php\/2022\/01\/15\/geometri-esclusi-dai-lavori-di-progettazione-architettonica-su-edifici-in-cemento-armato\/\"]}]},{\"@type\":\"Article\",\"@id\":\"https:\/\/test.cfdfeaservice.it\/index.php\/2022\/01\/15\/geometri-esclusi-dai-lavori-di-progettazione-architettonica-su-edifici-in-cemento-armato\/#article\",\"isPartOf\":{\"@id\":\"https:\/\/test.cfdfeaservice.it\/index.php\/2022\/01\/15\/geometri-esclusi-dai-lavori-di-progettazione-architettonica-su-edifici-in-cemento-armato\/#webpage\"},\"author\":{\"@id\":\"https:\/\/test.cfdfeaservice.it\/#\/schema\/person\/c3b6ebdd7f80794fe6e6657f2f5335e7\"},\"headline\":\"Geometri esclusi dai lavori di progettazione architettonica su edifici in cemento armato.\",\"datePublished\":\"2022-01-15T10:30:20+00:00\",\"dateModified\":\"2022-01-15T10:30:20+00:00\",\"mainEntityOfPage\":{\"@id\":\"https:\/\/test.cfdfeaservice.it\/index.php\/2022\/01\/15\/geometri-esclusi-dai-lavori-di-progettazione-architettonica-su-edifici-in-cemento-armato\/#webpage\"},\"publisher\":{\"@id\":\"https:\/\/test.cfdfeaservice.it\/#organization\"},\"articleSection\":\"Normativa\",\"inLanguage\":\"en-GB\"},{\"@type\":\"Person\",\"@id\":\"https:\/\/test.cfdfeaservice.it\/#\/schema\/person\/c3b6ebdd7f80794fe6e6657f2f5335e7\",\"name\":\"CFD FEA SERVICE\",\"image\":{\"@type\":\"ImageObject\",\"@id\":\"https:\/\/test.cfdfeaservice.it\/#personlogo\",\"inLanguage\":\"en-GB\",\"url\":\"https:\/\/secure.gravatar.com\/avatar\/a34dbcf675cd4152f1184664b3adcb72?s=96&d=mm&r=g\",\"caption\":\"CFD FEA SERVICE\"}}]}<\/script>\n<!-- \/ Yoast SEO plugin. -->","jetpack_shortlink":"https:\/\/wp.me\/p9JrPq-5qr","jetpack_sharing_enabled":true,"_links":{"self":[{"href":"https:\/\/test.cfdfeaservice.it\/index.php\/wp-json\/wp\/v2\/posts\/20859"}],"collection":[{"href":"https:\/\/test.cfdfeaservice.it\/index.php\/wp-json\/wp\/v2\/posts"}],"about":[{"href":"https:\/\/test.cfdfeaservice.it\/index.php\/wp-json\/wp\/v2\/types\/post"}],"author":[{"embeddable":true,"href":"https:\/\/test.cfdfeaservice.it\/index.php\/wp-json\/wp\/v2\/users\/8"}],"replies":[{"embeddable":true,"href":"https:\/\/test.cfdfeaservice.it\/index.php\/wp-json\/wp\/v2\/comments?post=20859"}],"version-history":[{"count":0,"href":"https:\/\/test.cfdfeaservice.it\/index.php\/wp-json\/wp\/v2\/posts\/20859\/revisions"}],"wp:attachment":[{"href":"https:\/\/test.cfdfeaservice.it\/index.php\/wp-json\/wp\/v2\/media?parent=20859"}],"wp:term":[{"taxonomy":"category","embeddable":true,"href":"https:\/\/test.cfdfeaservice.it\/index.php\/wp-json\/wp\/v2\/categories?post=20859"},{"taxonomy":"post_tag","embeddable":true,"href":"https:\/\/test.cfdfeaservice.it\/index.php\/wp-json\/wp\/v2\/tags?post=20859"}],"curies":[{"name":"wp","href":"https:\/\/api.w.org\/{rel}","templated":true}]}}