{"id":20818,"date":"2021-12-30T04:03:28","date_gmt":"2021-12-30T03:03:28","guid":{"rendered":"https:\/\/test.cfdfeaservice.it\/index.php\/2021\/12\/30\/fantic-alla-dakar-2022-con-il-supporto-degli-elettroutensili-bosch\/"},"modified":"2021-12-30T04:03:28","modified_gmt":"2021-12-30T03:03:28","slug":"fantic-alla-dakar-2022-con-il-supporto-degli-elettroutensili-bosch","status":"publish","type":"post","link":"https:\/\/test.cfdfeaservice.it\/index.php\/2021\/12\/30\/fantic-alla-dakar-2022-con-il-supporto-degli-elettroutensili-bosch\/","title":{"rendered":"Fantic alla Dakar 2022 con il supporto degli elettroutensili Bosch"},"content":{"rendered":"<div>\n<div style=\"margin: 5px 5% 10px 5%;\"><img loading=\"lazy\" src=\"https:\/\/i0.wp.com\/www.ilprogettistaindustriale.it\/files\/2021\/12\/Bosch-Professional_Dakar-2022_1.jpg?resize=750%2C500&#038;ssl=1\" width=\"750\" height=\"500\" title=\"\" alt=\"\" data-recalc-dims=\"1\"><\/div>\n<div>\n<p>Bosch Professional annuncia la propria partecipazione alla <strong>Dakar 2022<\/strong> in qualit\u00e0 di <strong>partner tecnico del team <a href=\"https:\/\/www.fantic.com\/\" target=\"_blank\" rel=\"noopener noreferrer\">Fantic Motor<\/a><\/strong>, impegnato nella 44\u00b0 edizione della gara con la sua nuova XEF Rally 450 affidata al pilota Franco Picco. La squadra tecnica di Fantic ha infatti scelto di affidarsi agli <strong>elettroutensili della gamma professionale Bosch<\/strong> per tutte le operazioni di montaggio del bivacco e da effettuare sulla moto, che dal 2 gennaio avr\u00e0 il suo battesimo ufficiale nel deserto dell\u2019Arabia Saudita.<\/p>\n<h2>Impresa eroica in 12 tappe<\/h2>\n<p>Un\u2019impresa eroica in 12 tappe, per cui sar\u00e0 fondamentale affidarsi a strumenti in grado di affrontare qualsiasi sfida: \u00e8 il caso della <strong>gamma cordless BITURBO Bosch Professional<\/strong>, in grado di assicurare al team Fantic elevata precisione e prestazioni al massimo livello in qualsiasi condizione di lavoro.<\/p>\n<p>L\u2019<strong>avvitatore a massa battente GDS 18V-1050 H BITURBO Brushless <\/strong>e la <strong>smerigliatrice GWS 18V-15 SC BITURBO Brushless<\/strong>, insieme ad <strong>utensili manuali<\/strong> e alla <strong>lampada da officina GLI 18V-1200 C Professional<\/strong>, daranno prova delle loro doti di flessibilit\u00e0, elevata autonomia delle batterie, performance e affidabilit\u00e0, per supportare il lavoro del team che accompagner\u00e0 il pilota con i mezzi di assistenza in questa impegnativa avventura nel deserto.<\/p>\n<h2>Prestazioni estreme<\/h2>\n<p>La gamma BITURBO, infatti, \u00e8 concepita per garantire <strong>prestazioni estreme<\/strong> \u2013 anche superiori a quelle del filo \u2013 grazie alla combinazione di un nuovo potente <strong>motore Brushless<\/strong>, appositamente sviluppato per questi utensili, e delle <strong>batterie ad alte prestazioni ProCORE18V<\/strong>, che proprio nel deserto potranno dare il meglio di s\u00e9 grazie alla tecnologia CoolPack 2.0 e alla compatibilit\u00e0 con tutta la gamma di elettroutensili e caricabatteria Bosch Professional della stessa classe di tensione.<\/p>\n<p>Ma non \u00e8 tutto: oltre che per lavorare in completa autonomia in qualsiasi luogo, le batterie saranno alleati fondamentali anche per la comodit\u00e0 di tutto il team Fantic, perch\u00e9 utilizzabili per alimentare le loro <strong>giacche termiche da esterno<\/strong> Bosch Professional \u2013 un accessorio indispensabile per sopportare l\u2019escursione termica nel deserto saudita.<\/p>\n<\/div>\n<p>L&#8217;articolo <a rel=\"nofollow\" href=\"https:\/\/www.ilprogettistaindustriale.it\/fantic-alla-dakar-2022-con-il-supporto-degli-elettroutensili-bosch\/\">Fantic alla Dakar 2022 con il supporto degli elettroutensili Bosch<\/a> sembra essere il primo su <a rel=\"nofollow\" href=\"https:\/\/www.ilprogettistaindustriale.it\/\">Il Progettista Industriale<\/a>.<\/p>\n<\/div>\n<p><a href=\"https:\/\/www.ilprogettistaindustriale.it\/fantic-alla-dakar-2022-con-il-supporto-degli-elettroutensili-bosch\/?utm_source=rss&#038;utm_medium=rss&#038;utm_campaign=fantic-alla-dakar-2022-con-il-supporto-degli-elettroutensili-bosch\">Vai alla fonte.<\/a><\/p>\n<p>Autore: Redazione<\/p>\n<p class=\"wpematico_credit\"><small>Powered by <a href=\"http:\/\/www.wpematico.com\" target=\"_blank\" rel=\"noopener noreferrer\">WPeMatico<\/a><\/small><\/p>\n<p><strong>_________________________________<\/strong><\/p>\n<p><strong>CFD FEA Service SRL<\/strong> &egrave; una societ&agrave; di servizi che offre <em>consulenza<\/em> e <em>formazione<\/em> in ambito <strong>ingegneria<\/strong> e <strong>IT<\/strong>. Se questo post\/prodotto ti &egrave; piaciuto ti invitiamo a:<\/p>\n<ul>\n<li>visionare il nostro <a href=\"https:\/\/cfdfeaservice.it\/index.php\/blog\/\" target=\"_blank\" rel=\"noopener\">blog<\/a><\/li>\n<li>visionare i <a href=\"https:\/\/cfdfeaservice.it\/index.php\/prodotti\/\" target=\"_blank\" rel=\"noopener\">software<\/a> disponibili - anche per la formazione<\/li>\n<li>iscriverti alla nostra newsletter<\/li>\n<li>entrare in contatto con noi attraverso la <a href=\"https:\/\/cfdfeaservice.it\/#ribbon\" target=\"_blank\" rel=\"noopener\">pagina contatti<\/a><\/li>\n<\/ul>\n<p>Saremo lieti di seguire le tue richieste e fornire risposte alle tue domande.<\/p>","protected":false},"excerpt":{"rendered":"<p>Bosch Professional annuncia la propria partecipazione alla Dakar 2022 in qualit\u00e0 di partner tecnico del team Fantic Motor, impegnato nella 44\u00b0 edizione della gara con la sua nuova XEF Rally 450 affidata al pilota Franco Picco. La squadra tecnica di Fantic ha infatti scelto di affidarsi agli elettroutensili della gamma [&hellip;]<\/p>\n","protected":false},"author":8,"featured_media":20819,"comment_status":"closed","ping_status":"closed","sticky":false,"template":"","format":"standard","meta":{"spay_email":""},"categories":[57],"tags":[],"jetpack_featured_media_url":"https:\/\/i2.wp.com\/test.cfdfeaservice.it\/wp-content\/uploads\/2021\/12\/Bosch-Professional_Dakar-2022_1.jpg?fit=1500%2C1000&ssl=1","yoast_head":"<!-- This site is optimized with the Yoast SEO plugin v15.1.1 - https:\/\/yoast.com\/wordpress\/plugins\/seo\/ -->\n<title>Fantic alla Dakar 2022 con il supporto degli elettroutensili Bosch - CFD FEA\/FEM Service<\/title>\n<meta name=\"robots\" content=\"index, follow, max-snippet:-1, max-image-preview:large, max-video-preview:-1\" \/>\n<link rel=\"canonical\" href=\"https:\/\/test.cfdfeaservice.it\/index.php\/2021\/12\/30\/fantic-alla-dakar-2022-con-il-supporto-degli-elettroutensili-bosch\/\" \/>\n<meta property=\"og:locale\" content=\"en_GB\" \/>\n<meta property=\"og:type\" content=\"article\" \/>\n<meta property=\"og:title\" content=\"Fantic alla Dakar 2022 con il supporto degli elettroutensili Bosch - CFD FEA\/FEM Service\" \/>\n<meta property=\"og:description\" content=\"Bosch Professional annuncia la propria partecipazione alla Dakar 2022 in qualit\u00e0 di partner tecnico del team Fantic Motor, impegnato nella 44\u00b0 edizione della gara con la sua nuova XEF Rally 450 affidata al pilota Franco Picco. La squadra tecnica di Fantic ha infatti scelto di affidarsi agli elettroutensili della gamma [&hellip;]\" \/>\n<meta property=\"og:url\" content=\"https:\/\/test.cfdfeaservice.it\/index.php\/2021\/12\/30\/fantic-alla-dakar-2022-con-il-supporto-degli-elettroutensili-bosch\/\" \/>\n<meta property=\"og:site_name\" content=\"CFD FEA\/FEM Service\" \/>\n<meta property=\"article:publisher\" content=\"https:\/\/www.facebook.com\/cfdfeaservice\" \/>\n<meta property=\"article:published_time\" content=\"2021-12-30T03:03:28+00:00\" \/>\n<meta property=\"og:image\" content=\"https:\/\/www.ilprogettistaindustriale.it\/files\/2021\/12\/Bosch-Professional_Dakar-2022_1.jpg\" \/>\n<meta name=\"twitter:card\" content=\"summary\" \/>\n<script type=\"application\/ld+json\" class=\"yoast-schema-graph\">{\"@context\":\"https:\/\/schema.org\",\"@graph\":[{\"@type\":\"Organization\",\"@id\":\"https:\/\/test.cfdfeaservice.it\/#organization\",\"name\":\"CFD FEA SERVICE SRL\",\"url\":\"https:\/\/test.cfdfeaservice.it\/\",\"sameAs\":[\"https:\/\/www.facebook.com\/cfdfeaservice\",\"https:\/\/www.linkedin.com\/company\/11421185\/\",\"https:\/\/www.youtube.com\/channel\/UCr2h1DbpsNDKJSBAgeWMbfA\"],\"logo\":{\"@type\":\"ImageObject\",\"@id\":\"https:\/\/test.cfdfeaservice.it\/#logo\",\"inLanguage\":\"en-GB\",\"url\":\"https:\/\/i2.wp.com\/test.cfdfeaservice.it\/wp-content\/uploads\/2018\/07\/CFD-FEA-SERVICE-Compact.png?fit=677%2C178&ssl=1\",\"width\":677,\"height\":178,\"caption\":\"CFD FEA SERVICE SRL\"},\"image\":{\"@id\":\"https:\/\/test.cfdfeaservice.it\/#logo\"}},{\"@type\":\"WebSite\",\"@id\":\"https:\/\/test.cfdfeaservice.it\/#website\",\"url\":\"https:\/\/test.cfdfeaservice.it\/\",\"name\":\"CFD FEA\/FEM Service\",\"description\":\"Servizi di ingegneria 4.0\",\"publisher\":{\"@id\":\"https:\/\/test.cfdfeaservice.it\/#organization\"},\"potentialAction\":[{\"@type\":\"SearchAction\",\"target\":\"https:\/\/test.cfdfeaservice.it\/?s={search_term_string}\",\"query-input\":\"required name=search_term_string\"}],\"inLanguage\":\"en-GB\"},{\"@type\":\"ImageObject\",\"@id\":\"https:\/\/test.cfdfeaservice.it\/index.php\/2021\/12\/30\/fantic-alla-dakar-2022-con-il-supporto-degli-elettroutensili-bosch\/#primaryimage\",\"inLanguage\":\"en-GB\",\"url\":\"https:\/\/i2.wp.com\/test.cfdfeaservice.it\/wp-content\/uploads\/2021\/12\/Bosch-Professional_Dakar-2022_1.jpg?fit=1500%2C1000&ssl=1\",\"width\":1500,\"height\":1000},{\"@type\":\"WebPage\",\"@id\":\"https:\/\/test.cfdfeaservice.it\/index.php\/2021\/12\/30\/fantic-alla-dakar-2022-con-il-supporto-degli-elettroutensili-bosch\/#webpage\",\"url\":\"https:\/\/test.cfdfeaservice.it\/index.php\/2021\/12\/30\/fantic-alla-dakar-2022-con-il-supporto-degli-elettroutensili-bosch\/\",\"name\":\"Fantic alla Dakar 2022 con il supporto degli elettroutensili Bosch - CFD FEA\/FEM Service\",\"isPartOf\":{\"@id\":\"https:\/\/test.cfdfeaservice.it\/#website\"},\"primaryImageOfPage\":{\"@id\":\"https:\/\/test.cfdfeaservice.it\/index.php\/2021\/12\/30\/fantic-alla-dakar-2022-con-il-supporto-degli-elettroutensili-bosch\/#primaryimage\"},\"datePublished\":\"2021-12-30T03:03:28+00:00\",\"dateModified\":\"2021-12-30T03:03:28+00:00\",\"inLanguage\":\"en-GB\",\"potentialAction\":[{\"@type\":\"ReadAction\",\"target\":[\"https:\/\/test.cfdfeaservice.it\/index.php\/2021\/12\/30\/fantic-alla-dakar-2022-con-il-supporto-degli-elettroutensili-bosch\/\"]}]},{\"@type\":\"Article\",\"@id\":\"https:\/\/test.cfdfeaservice.it\/index.php\/2021\/12\/30\/fantic-alla-dakar-2022-con-il-supporto-degli-elettroutensili-bosch\/#article\",\"isPartOf\":{\"@id\":\"https:\/\/test.cfdfeaservice.it\/index.php\/2021\/12\/30\/fantic-alla-dakar-2022-con-il-supporto-degli-elettroutensili-bosch\/#webpage\"},\"author\":{\"@id\":\"https:\/\/test.cfdfeaservice.it\/#\/schema\/person\/c3b6ebdd7f80794fe6e6657f2f5335e7\"},\"headline\":\"Fantic alla Dakar 2022 con il supporto degli elettroutensili Bosch\",\"datePublished\":\"2021-12-30T03:03:28+00:00\",\"dateModified\":\"2021-12-30T03:03:28+00:00\",\"mainEntityOfPage\":{\"@id\":\"https:\/\/test.cfdfeaservice.it\/index.php\/2021\/12\/30\/fantic-alla-dakar-2022-con-il-supporto-degli-elettroutensili-bosch\/#webpage\"},\"publisher\":{\"@id\":\"https:\/\/test.cfdfeaservice.it\/#organization\"},\"image\":{\"@id\":\"https:\/\/test.cfdfeaservice.it\/index.php\/2021\/12\/30\/fantic-alla-dakar-2022-con-il-supporto-degli-elettroutensili-bosch\/#primaryimage\"},\"articleSection\":\"Normativa\",\"inLanguage\":\"en-GB\"},{\"@type\":\"Person\",\"@id\":\"https:\/\/test.cfdfeaservice.it\/#\/schema\/person\/c3b6ebdd7f80794fe6e6657f2f5335e7\",\"name\":\"CFD FEA SERVICE\",\"image\":{\"@type\":\"ImageObject\",\"@id\":\"https:\/\/test.cfdfeaservice.it\/#personlogo\",\"inLanguage\":\"en-GB\",\"url\":\"https:\/\/secure.gravatar.com\/avatar\/a34dbcf675cd4152f1184664b3adcb72?s=96&d=mm&r=g\",\"caption\":\"CFD FEA SERVICE\"}}]}<\/script>\n<!-- \/ Yoast SEO plugin. -->","jetpack_shortlink":"https:\/\/wp.me\/p9JrPq-5pM","jetpack_sharing_enabled":true,"_links":{"self":[{"href":"https:\/\/test.cfdfeaservice.it\/index.php\/wp-json\/wp\/v2\/posts\/20818"}],"collection":[{"href":"https:\/\/test.cfdfeaservice.it\/index.php\/wp-json\/wp\/v2\/posts"}],"about":[{"href":"https:\/\/test.cfdfeaservice.it\/index.php\/wp-json\/wp\/v2\/types\/post"}],"author":[{"embeddable":true,"href":"https:\/\/test.cfdfeaservice.it\/index.php\/wp-json\/wp\/v2\/users\/8"}],"replies":[{"embeddable":true,"href":"https:\/\/test.cfdfeaservice.it\/index.php\/wp-json\/wp\/v2\/comments?post=20818"}],"version-history":[{"count":0,"href":"https:\/\/test.cfdfeaservice.it\/index.php\/wp-json\/wp\/v2\/posts\/20818\/revisions"}],"wp:featuredmedia":[{"embeddable":true,"href":"https:\/\/test.cfdfeaservice.it\/index.php\/wp-json\/wp\/v2\/media\/20819"}],"wp:attachment":[{"href":"https:\/\/test.cfdfeaservice.it\/index.php\/wp-json\/wp\/v2\/media?parent=20818"}],"wp:term":[{"taxonomy":"category","embeddable":true,"href":"https:\/\/test.cfdfeaservice.it\/index.php\/wp-json\/wp\/v2\/categories?post=20818"},{"taxonomy":"post_tag","embeddable":true,"href":"https:\/\/test.cfdfeaservice.it\/index.php\/wp-json\/wp\/v2\/tags?post=20818"}],"curies":[{"name":"wp","href":"https:\/\/api.w.org\/{rel}","templated":true}]}}