{"id":20779,"date":"2021-12-07T13:39:31","date_gmt":"2021-12-07T12:39:31","guid":{"rendered":"https:\/\/test.cfdfeaservice.it\/index.php\/2021\/12\/07\/barcellona-piange-oriol-bohigas\/"},"modified":"2021-12-07T13:39:31","modified_gmt":"2021-12-07T12:39:31","slug":"barcellona-piange-oriol-bohigas","status":"publish","type":"post","link":"https:\/\/test.cfdfeaservice.it\/index.php\/2021\/12\/07\/barcellona-piange-oriol-bohigas\/","title":{"rendered":"Barcellona piange Oriol Bohigas."},"content":{"rendered":"<div>\n<p>Barcellona piange Oriol Bohigas. Architetto e urbanista catalano di fama mondiale, Oriol Bohigas ha contribuito con il suo lavoro a rimodellare il volto della Barcellona Post Franchista. In particolare, il suo lavoro, \u00e8 servito a ridare dignit\u00e0 e sviluppo ai quartieri periferici della capitale catalana e a disegnare la citt\u00e0 olimpica che si present\u00f2 al mondo nel 1992.<\/p>\n<p>In questo articolo:<\/p>\n<div class=\"index-article\">\n<ol>\n<li><a href=\"https:\/\/www.unioneingegneri.com\/#oriolbohigas\">Oriol Bohigas, un urbanista con la valigia in mano.<\/a><\/li>\n<li><a href=\"https:\/\/www.unioneingegneri.com\/#bohigas\">Bohigas, l\u2019architetto giornalista che ha ridisegnato il volto di Barcellona.<\/a><\/li>\n<li><a href=\"https:\/\/www.unioneingegneri.com\/#labarcellona\">La Barcellona del Post franchismo.<\/a><\/li>\n<li><a href=\"https:\/\/www.unioneingegneri.com\/#dalla\">Dalla ri-progettazione delle periferie di Barcellona alle Olimpiadi e all\u2019Expo di Siviglia.<\/a><\/li>\n<li><a href=\"https:\/\/www.unioneingegneri.com\/#ultimi\">Ultimi lavori e morte.<\/a><\/li>\n<li><a href=\"https:\/\/www.unioneingegneri.com\/#seiunarchitetto\">Sei un architetto? La tua professione richiede un aggiornamento continuo?<\/a><\/li>\n<\/ol>\n<\/div>\n<h3>A Barcellona \u00e8 morto a quasi 96 anni Oriol Bohigas, architetto che nel post franchismo ha progettato il volto della moderna Capitale Catalana<\/h3>\n<p>Bohigas, nato nel 1925 nella sua amata Barcellona. Qui svolge i suoi studi e nel 1951 consegue la laurea in architettura alla School of Architecture, dove nel 1964 divenne professore di composizione architettonica fino al 1966 e dirigendola dal 1977 al 1980. A Barcellona si specializza inoltre in Urbanistica ottenendo, nel 1961, un dottorato all\u2019 Institute of Studies for Local Administration.<\/p>\n<p><a class=\"anchor-article\" name=\"oriolbohigas\"><\/a><\/p>\n<h3>Oriol Bohigas, un urbanista con la valigia in mano.<\/h3>\n<p>Bohigas, nel corso della sua lunga carriera di docente ha tenuto numerosi corsi e seminari, toccando buona parte delle nazioni del mondo. Nel 1974 ha svolto diversi cicli di lezioni in differenti universit\u00e0: universit\u00e0 autonoma del Messico; Colleges di architettura de La Plata, Cordoba e Rosario (Argentina), nel 1976 insegna al Ball State University di Municie nell\u2019Indiana (Usa), nel 1982 insegna all\u2019 \u201cUnivesitad de Los Andes\u201d di Bogot\u00e0 (Colombia). Attivit\u00e0 che sono state sempre accompagnate dalla passione per la scrittura.<\/p>\n<p><a class=\"anchor-article\" name=\"bohigas\"><\/a><\/p>\n<h3>Bohigas, l\u2019architetto giornalista che ha ridisegnato il volto di Barcellona.<\/h3>\n<p>Alle docenze, sparse in tutto il mondo, Bohigas ha sempre accostato la passione per la scrittura e il giornalismo settoriale. Nel 1974 siede come membro del consiglio dello staff editoriale della<a href=\"https:\/\/www.unionegeometri.com\/9-riviste-di-architettura-da-avere\/\"> rivista \u201cArquitectura bis\u201d<\/a> di Barcellona mentre nel 1975 viene chiamato a Milano per far parte del consiglio di direzione della rivista \u201cLotus International\u201d. In veste di \u201ccomunicatore\u201d viene premiato nel 1968 dal collegio degli architetti di Catalogna per il suo libro <a href=\"https:\/\/elpais.com\/diario\/1990\/08\/15\/cultura\/650671208_850215.html\" target=\"_blank\" rel=\"noreferrer noopener\">\u201cLa Arquitectura Modernista\u201d<\/a> e nel 1970, un altro suo libro <strong><a href=\"https:\/\/www.academia.edu\/8018576\/La_arquitectura_espa%C3%B1ola_de_la_Segunda_Rep%C3%BAblica_de_Oriol_Bohigas_Revista_de_Occidente_115_pp_113_116_ISSN_0034_8635\" target=\"_blank\" rel=\"noreferrer noopener\">\u201cLa arquitectura Espaniola de la Segunda Repubblica\u201d<\/a><\/strong>, viene premiato in Spagna come libro dell\u2019anno.<\/p>\n<p><a class=\"anchor-article\" name=\"labarcellona\"><\/a><\/p>\n<h3>La Barcellona del Post franchismo.<\/h3>\n<p>Bohigas \u00e8, unanimemente, riconosciuto come una dei grandi nomi del panorama dell\u2019urbanistica mondiale, ma \u00e8 a Barcellona che ha mostrato tanto del suo genio visionario. Bohigas \u00e8 considerato come uno dei padri del cosiddetto \u201cModello Barcellona\u201d, un nuovo atteggiamento e una nuova visione urbanistica che nel Post Franchismo contribui a ridisegnare il volto dei quartieri periferici della capitale catalana. A Barcellona, fonda nel 1951 con Josep Martorell (<em>ai due nel 1963 si aggiunger\u00e0 David Mackay<\/em>) lo <a href=\"http:\/\/www.mbmarquitectes.cat\/\" target=\"_blank\" rel=\"noreferrer noopener\">studio MBM Arquitectes<\/a>. A Barcellona lavorer\u00e0 tantissimo e la citt\u00e0 riconoscer\u00e0 il suo genio nominandolo Soprintendente dei Servizi di Urbanistica dal 1980 al 984.<\/p>\n<p><a class=\"anchor-article\" name=\"dalla\"><\/a><\/p>\n<h3>Dalla ri-progettazione delle periferie di Barcellona alle Olimpiadi e all\u2019Expo di Siviglia.<\/h3>\n<p>Il lavoro svolto a Barcellona negli anni ottanta contribu\u00ec a diffondere e a far crescere la fame di Bohigas. Una notoriet\u00e0 che porto in dote l\u2019affidamento del progetto per la realizzazione della Citt\u00e0 Olimpica di Barcellona 1992. Per le Olimpiadi di Barcellona sar\u00e0 il responsabile della costruzione del Villaggio Olimpico, del parco del litorale e del porto olimpico, tutti lavori che hanno lasciato alla citt\u00e0 una forte eredit\u00e0 urbanistica. Allo stesso modo e guidato dalle medesime idee firm\u00f2 diversi progetti anche per l\u2019Expo di Siviglia del 1992 e, ricordiamo, in Italia con la ri-progettazione del porto di Salerno (1994).<\/p>\n<p><a class=\"anchor-article\" name=\"ultimi\"><\/a><\/p>\n<h3>Ultimi lavori e morte.<\/h3>\n<p>Il suo lavoro non si \u00e8 certamente fermato con le olimpiadi e l\u2019expo sivigliano. Anche gli anni 200 sono ricchi di progetti. A Barcellona ha firmato nel 2001 l\u2019Universitat Pompeu Fabra e nel 2004 il grande magazzino El Corte Ingles. <strong>Oriol Bohigas \u00e8 morto nella sua amata Barcellona martedi 30 novembre 2021. <\/strong><\/p>\n<p><a class=\"anchor-article\" name=\"seiunarchitetto\"><\/a><\/p>\n<h3>Sei un architetto? La tua professione richiede un aggiornamento continuo?<\/h3>\n<p>Unione Professionisti ti d\u00e0 la possibilit\u00e0 di progettare e completare il tuo percorso di studi, proponendoti tutti i suoi corsi, sviluppati in modalit\u00e0 FAD asincrona, accreditati presso il <strong>CNAPPC<\/strong>.<\/p>\n<div class=\"wp-block-buttons\">\n<div class=\"wp-block-button has-custom-width wp-block-button__width-100\"><a class=\"wp-block-button__link has-background\" href=\"https:\/\/shop.unioneprofessionisti.com\/promo-architetti\/?utm_source=Article%20Marketing&amp;utm_medium=Link&amp;utm_campaign=Crediti%20Architetti&amp;utm_content=Clicca%20qui\" style=\"border-radius:50px;background-color:#f57f00\" target=\"_blank\" rel=\"noreferrer noopener\"><strong>Scopri i corsi in promozione che Unione Professionisti ha riservato agli Architetti.<\/strong><\/a><\/div>\n<\/div>\n<p>L&#8217;articolo <a rel=\"nofollow\" href=\"https:\/\/www.unioneingegneri.com\/barcellona-piange-oriol-bohigas\/\">Barcellona piange Oriol Bohigas.<\/a> proviene da <a rel=\"nofollow\" href=\"https:\/\/www.unioneingegneri.com\/\">Unione Geometri<\/a>.<\/p>\n<\/div>\n<p><a href=\"https:\/\/www.unionearchitetti.com\/barcellona-piange-oriol-bohigas\">Vai alla fonte.<\/a><\/p>\n<p>Autore: Mauro Melis<\/p>\n<p class=\"wpematico_credit\"><small>Powered by <a href=\"http:\/\/www.wpematico.com\" target=\"_blank\" rel=\"noopener noreferrer\">WPeMatico<\/a><\/small><\/p>\n<p><strong>_________________________________<\/strong><\/p>\n<p><strong>CFD FEA Service SRL<\/strong> &egrave; una societ&agrave; di servizi che offre <em>consulenza<\/em> e <em>formazione<\/em> in ambito <strong>ingegneria<\/strong> e <strong>IT<\/strong>. Se questo post\/prodotto ti &egrave; piaciuto ti invitiamo a:<\/p>\n<ul>\n<li>visionare il nostro <a href=\"https:\/\/cfdfeaservice.it\/index.php\/blog\/\" target=\"_blank\" rel=\"noopener\">blog<\/a><\/li>\n<li>visionare i <a href=\"https:\/\/cfdfeaservice.it\/index.php\/prodotti\/\" target=\"_blank\" rel=\"noopener\">software<\/a> disponibili - anche per la formazione<\/li>\n<li>iscriverti alla nostra newsletter<\/li>\n<li>entrare in contatto con noi attraverso la <a href=\"https:\/\/cfdfeaservice.it\/#ribbon\" target=\"_blank\" rel=\"noopener\">pagina contatti<\/a><\/li>\n<\/ul>\n<p>Saremo lieti di seguire le tue richieste e fornire risposte alle tue domande.<\/p>","protected":false},"excerpt":{"rendered":"<p>Barcellona piange Oriol Bohigas. Architetto e urbanista catalano di fama mondiale, Oriol Bohigas ha contribuito con il suo lavoro a rimodellare il volto della Barcellona Post Franchista. In particolare, il suo lavoro, \u00e8 servito a ridare dignit\u00e0 e sviluppo ai quartieri periferici della capitale catalana e a disegnare la citt\u00e0 [&hellip;]<\/p>\n","protected":false},"author":8,"featured_media":0,"comment_status":"closed","ping_status":"closed","sticky":false,"template":"","format":"standard","meta":{"spay_email":""},"categories":[57],"tags":[],"jetpack_featured_media_url":"","yoast_head":"<!-- This site is optimized with the Yoast SEO plugin v15.1.1 - https:\/\/yoast.com\/wordpress\/plugins\/seo\/ -->\n<title>Barcellona piange Oriol Bohigas. - CFD FEA\/FEM Service<\/title>\n<meta name=\"robots\" content=\"index, follow, max-snippet:-1, max-image-preview:large, max-video-preview:-1\" \/>\n<link rel=\"canonical\" href=\"https:\/\/test.cfdfeaservice.it\/index.php\/2021\/12\/07\/barcellona-piange-oriol-bohigas\/\" \/>\n<meta property=\"og:locale\" content=\"en_GB\" \/>\n<meta property=\"og:type\" content=\"article\" \/>\n<meta property=\"og:title\" content=\"Barcellona piange Oriol Bohigas. - CFD FEA\/FEM Service\" \/>\n<meta property=\"og:description\" content=\"Barcellona piange Oriol Bohigas. Architetto e urbanista catalano di fama mondiale, Oriol Bohigas ha contribuito con il suo lavoro a rimodellare il volto della Barcellona Post Franchista. In particolare, il suo lavoro, \u00e8 servito a ridare dignit\u00e0 e sviluppo ai quartieri periferici della capitale catalana e a disegnare la citt\u00e0 [&hellip;]\" \/>\n<meta property=\"og:url\" content=\"https:\/\/test.cfdfeaservice.it\/index.php\/2021\/12\/07\/barcellona-piange-oriol-bohigas\/\" \/>\n<meta property=\"og:site_name\" content=\"CFD FEA\/FEM Service\" \/>\n<meta property=\"article:publisher\" content=\"https:\/\/www.facebook.com\/cfdfeaservice\" \/>\n<meta property=\"article:published_time\" content=\"2021-12-07T12:39:31+00:00\" \/>\n<meta name=\"twitter:card\" content=\"summary\" \/>\n<script type=\"application\/ld+json\" class=\"yoast-schema-graph\">{\"@context\":\"https:\/\/schema.org\",\"@graph\":[{\"@type\":\"Organization\",\"@id\":\"https:\/\/test.cfdfeaservice.it\/#organization\",\"name\":\"CFD FEA SERVICE SRL\",\"url\":\"https:\/\/test.cfdfeaservice.it\/\",\"sameAs\":[\"https:\/\/www.facebook.com\/cfdfeaservice\",\"https:\/\/www.linkedin.com\/company\/11421185\/\",\"https:\/\/www.youtube.com\/channel\/UCr2h1DbpsNDKJSBAgeWMbfA\"],\"logo\":{\"@type\":\"ImageObject\",\"@id\":\"https:\/\/test.cfdfeaservice.it\/#logo\",\"inLanguage\":\"en-GB\",\"url\":\"https:\/\/i2.wp.com\/test.cfdfeaservice.it\/wp-content\/uploads\/2018\/07\/CFD-FEA-SERVICE-Compact.png?fit=677%2C178&ssl=1\",\"width\":677,\"height\":178,\"caption\":\"CFD FEA SERVICE SRL\"},\"image\":{\"@id\":\"https:\/\/test.cfdfeaservice.it\/#logo\"}},{\"@type\":\"WebSite\",\"@id\":\"https:\/\/test.cfdfeaservice.it\/#website\",\"url\":\"https:\/\/test.cfdfeaservice.it\/\",\"name\":\"CFD FEA\/FEM Service\",\"description\":\"Servizi di ingegneria 4.0\",\"publisher\":{\"@id\":\"https:\/\/test.cfdfeaservice.it\/#organization\"},\"potentialAction\":[{\"@type\":\"SearchAction\",\"target\":\"https:\/\/test.cfdfeaservice.it\/?s={search_term_string}\",\"query-input\":\"required name=search_term_string\"}],\"inLanguage\":\"en-GB\"},{\"@type\":\"WebPage\",\"@id\":\"https:\/\/test.cfdfeaservice.it\/index.php\/2021\/12\/07\/barcellona-piange-oriol-bohigas\/#webpage\",\"url\":\"https:\/\/test.cfdfeaservice.it\/index.php\/2021\/12\/07\/barcellona-piange-oriol-bohigas\/\",\"name\":\"Barcellona piange Oriol Bohigas. - CFD FEA\/FEM Service\",\"isPartOf\":{\"@id\":\"https:\/\/test.cfdfeaservice.it\/#website\"},\"datePublished\":\"2021-12-07T12:39:31+00:00\",\"dateModified\":\"2021-12-07T12:39:31+00:00\",\"inLanguage\":\"en-GB\",\"potentialAction\":[{\"@type\":\"ReadAction\",\"target\":[\"https:\/\/test.cfdfeaservice.it\/index.php\/2021\/12\/07\/barcellona-piange-oriol-bohigas\/\"]}]},{\"@type\":\"Article\",\"@id\":\"https:\/\/test.cfdfeaservice.it\/index.php\/2021\/12\/07\/barcellona-piange-oriol-bohigas\/#article\",\"isPartOf\":{\"@id\":\"https:\/\/test.cfdfeaservice.it\/index.php\/2021\/12\/07\/barcellona-piange-oriol-bohigas\/#webpage\"},\"author\":{\"@id\":\"https:\/\/test.cfdfeaservice.it\/#\/schema\/person\/c3b6ebdd7f80794fe6e6657f2f5335e7\"},\"headline\":\"Barcellona piange Oriol Bohigas.\",\"datePublished\":\"2021-12-07T12:39:31+00:00\",\"dateModified\":\"2021-12-07T12:39:31+00:00\",\"mainEntityOfPage\":{\"@id\":\"https:\/\/test.cfdfeaservice.it\/index.php\/2021\/12\/07\/barcellona-piange-oriol-bohigas\/#webpage\"},\"publisher\":{\"@id\":\"https:\/\/test.cfdfeaservice.it\/#organization\"},\"articleSection\":\"Normativa\",\"inLanguage\":\"en-GB\"},{\"@type\":\"Person\",\"@id\":\"https:\/\/test.cfdfeaservice.it\/#\/schema\/person\/c3b6ebdd7f80794fe6e6657f2f5335e7\",\"name\":\"CFD FEA SERVICE\",\"image\":{\"@type\":\"ImageObject\",\"@id\":\"https:\/\/test.cfdfeaservice.it\/#personlogo\",\"inLanguage\":\"en-GB\",\"url\":\"https:\/\/secure.gravatar.com\/avatar\/a34dbcf675cd4152f1184664b3adcb72?s=96&d=mm&r=g\",\"caption\":\"CFD FEA SERVICE\"}}]}<\/script>\n<!-- \/ Yoast SEO plugin. -->","jetpack_shortlink":"https:\/\/wp.me\/p9JrPq-5p9","jetpack_sharing_enabled":true,"_links":{"self":[{"href":"https:\/\/test.cfdfeaservice.it\/index.php\/wp-json\/wp\/v2\/posts\/20779"}],"collection":[{"href":"https:\/\/test.cfdfeaservice.it\/index.php\/wp-json\/wp\/v2\/posts"}],"about":[{"href":"https:\/\/test.cfdfeaservice.it\/index.php\/wp-json\/wp\/v2\/types\/post"}],"author":[{"embeddable":true,"href":"https:\/\/test.cfdfeaservice.it\/index.php\/wp-json\/wp\/v2\/users\/8"}],"replies":[{"embeddable":true,"href":"https:\/\/test.cfdfeaservice.it\/index.php\/wp-json\/wp\/v2\/comments?post=20779"}],"version-history":[{"count":0,"href":"https:\/\/test.cfdfeaservice.it\/index.php\/wp-json\/wp\/v2\/posts\/20779\/revisions"}],"wp:attachment":[{"href":"https:\/\/test.cfdfeaservice.it\/index.php\/wp-json\/wp\/v2\/media?parent=20779"}],"wp:term":[{"taxonomy":"category","embeddable":true,"href":"https:\/\/test.cfdfeaservice.it\/index.php\/wp-json\/wp\/v2\/categories?post=20779"},{"taxonomy":"post_tag","embeddable":true,"href":"https:\/\/test.cfdfeaservice.it\/index.php\/wp-json\/wp\/v2\/tags?post=20779"}],"curies":[{"name":"wp","href":"https:\/\/api.w.org\/{rel}","templated":true}]}}