{"id":20677,"date":"2021-10-30T06:29:52","date_gmt":"2021-10-30T04:29:52","guid":{"rendered":"https:\/\/test.cfdfeaservice.it\/index.php\/2021\/10\/30\/architetto-o-architetta-il-linguaggio-di-genere-allinterno-dellordine\/"},"modified":"2021-10-30T06:29:52","modified_gmt":"2021-10-30T04:29:52","slug":"architetto-o-architetta-il-linguaggio-di-genere-allinterno-dellordine","status":"publish","type":"post","link":"https:\/\/test.cfdfeaservice.it\/index.php\/2021\/10\/30\/architetto-o-architetta-il-linguaggio-di-genere-allinterno-dellordine\/","title":{"rendered":"Architetto O Architetta: il linguaggio di genere all\u2019interno dell\u2019Ordine!"},"content":{"rendered":"<div>\n<p>Architetto O Architetta? Il dibattito sul linguaggio di genere conquista anche i settori professionali. A indicare la via \u00e8 stato nel 2017 <a href=\"https:\/\/blog.unioneprofessionisti.com\/architetto-o-architetta-bergamo-timbro-femminile\/14928\/\" target=\"_blank\" rel=\"noreferrer noopener\">l\u2019Ordine degli Architetti di Bergamo che ricevendo una richiesta delle architette <em>Silvia Vitali, Francesca Perani e Mariacristina Brembilla<\/em><\/a> ha sdoganato l\u2019uso ufficiale del <a href=\"https:\/\/www.unionegeometri.com\/8-donne-architetto-che-hanno-segnato-la-storia-dellarchitettura\/\">termine Architetta<\/a> e consentito d\u2019inserirlo sul timbro professionale. Dal 2017 la discussione sul linguaggio di genere \u00e8 continuata tanto che altri sei ordini professionali hanno concesso l\u2019uso della variante femminile.<\/p>\n<p><strong>In questo articolo:<\/strong><\/p>\n<div class=\"index-article\">\n<ol>\n<li><a href=\"https:\/\/www.unioneingegneri.com\/#architetto%3C\">Architetto O Architetta? Sul timbro ci va la variante maschile o si pu\u00f2 usare anche quella femminile?<\/a><\/li>\n<li><a href=\"https:\/\/www.unioneingegneri.com\/#architettovsarchitetta\">Architetto VS Architetta: coma cambia l\u2019identit\u00e0 professionale con il dibattito del linguaggio di genere?<\/a><\/li>\n<li><a href=\"https:\/\/www.unioneingegneri.com\/#da\">Da Architetto ad Architetta: le motivazione linguistica alla base dell\u2019evoluzione.<\/a><\/li>\n<li><a href=\"https:\/\/www.unioneingegneri.com\/#seiunarchitetto\">Sei un architetto? La tua professione richiede un aggiornamento continuo?<\/a><\/li>\n<\/ol>\n<\/div>\n<p><a class=\"anchor-article\" name=\"architetto\"><\/a><\/p>\n<h3>Architetto O Architetta? Sul timbro ci va la variante maschile o si pu\u00f2 usare anche quella femminile?<\/h3>\n<p>Dopo Bergamo anche Roma, Torino, Milano, Modena, Treviso hanno scelto di riconoscere la variante femminile nel timbro professionale. L\u2019ultimo, in ordine di tempo, \u00e8 stato <strong>l\u2019Ordine degli Architetti della Sardegna<\/strong> che a febbraio 2021 ha risposto affermativamente alla richiesta di una sua iscritta, <strong>l\u2019architetta Silvia Mocci<\/strong>.<\/p>\n<blockquote class=\"wp-block-quote\">\n<p>\u201cAbbiamo accettato la richiesta della nostra iscritta \u2013 ha dichiarato a suo tempo la <strong>presidente dell\u2019Ordine degli Architetti di Cagliari Teresa De Montis<\/strong> \u2013 ma ci teniamo a ribadire che l\u2019aver consentito la locuzione femminile non comporta nessun obbligo, chi vorr\u00e0 continuare a utilizzare la versione al maschile sar\u00e0 liberissima di continuare a farlo\u201d.<\/p>\n<\/blockquote>\n<p><a class=\"anchor-article\" name=\"architettovsarchitetta\"><\/a><\/p>\n<h3>Architetto VS Architetta: coma cambia l\u2019identit\u00e0 professionale con il dibattito del linguaggio di genere?<\/h3>\n<p>Secondo molti professionisti inserire la dicitura <strong>Architetta nel timbro professionale<\/strong> contribuirebbe a costruire una pi\u00f9 corretta identit\u00e0 professionale. <\/p>\n<blockquote class=\"wp-block-quote\">\n<p>\u201cCome professionista \u2013 ha dichiarato sulle pagine di Repubblica l\u2019architetta Silvia Mocci \u2013 mi auguro che questo piccolo traguardo che si \u00e8 raggiunto in Sardegna possa costituire un primo tassello capace di alimentare un pi\u00f9 ampio dibattito culturale sulla parit\u00e0 di genere\u201d.<\/p>\n<\/blockquote>\n<p><a class=\"anchor-article\" name=\"da\"><\/a><\/p>\n<h3>Da Architetto ad Architetta: le motivazione linguistica alla base dell\u2019evoluzione.<\/h3>\n<p>Il passaggio da <strong>Architetto ad Architetta <\/strong>(<em>ma pi\u00f9 che di passaggio bisognerebbe parlare di apertura ndr<\/em>) \u00e8, come ha ricordato anche la<strong> sociologa e linguista Vera Gheno<\/strong>, un semplice riconoscimento di un dato di fatto che gi\u00e0 esiste nei dizionari\u201d.<\/p>\n<p><a class=\"anchor-article\" name=\"seiunarchitetto\"><\/a><\/p>\n<h3>Sei un architetto? La tua professione richiede un aggiornamento continuo?<\/h3>\n<p>Unione Professionisti ti d\u00e0 la possibilit\u00e0 di progettare e completare il tuo percorso di studi, proponendoti tutti i suoi corsi, sviluppati in modalit\u00e0 FAD asincrona, accreditati presso il <strong>CNAPPC<\/strong>.<\/p>\n<div class=\"wp-block-buttons\">\n<div class=\"wp-block-button has-custom-width wp-block-button__width-100\"><a class=\"wp-block-button__link has-background\" href=\"https:\/\/shop.unioneprofessionisti.com\/promo-architetti\/?utm_source=Article%20Marketing&amp;utm_medium=Link&amp;utm_campaign=Crediti%20Architetti&amp;utm_content=Clicca%20qui\" style=\"border-radius:50px;background-color:#f57f00\" target=\"_blank\" rel=\"noreferrer noopener\"><strong>Scopri i corsi in promozione che Unione Professionisti ha riservato agli Architetti.<\/strong><\/a><\/div>\n<\/div>\n<p>L&#8217;articolo <a rel=\"nofollow\" href=\"https:\/\/www.unioneingegneri.com\/architetto-o-architetta-linguaggio-di-genere\/\">Architetto O Architetta: il linguaggio di genere all\u2019interno dell\u2019Ordine!<\/a> proviene da <a rel=\"nofollow\" href=\"https:\/\/www.unioneingegneri.com\/\">Unione Geometri<\/a>.<\/p>\n<\/div>\n<p><a href=\"https:\/\/www.unionearchitetti.com\/architetto-o-architetta-linguaggio-di-genere\">Vai alla fonte.<\/a><\/p>\n<p>Autore: Mauro Melis<\/p>\n<p class=\"wpematico_credit\"><small>Powered by <a href=\"http:\/\/www.wpematico.com\" target=\"_blank\" rel=\"noopener noreferrer\">WPeMatico<\/a><\/small><\/p>\n<p><strong>_________________________________<\/strong><\/p>\n<p><strong>CFD FEA Service SRL<\/strong> &egrave; una societ&agrave; di servizi che offre <em>consulenza<\/em> e <em>formazione<\/em> in ambito <strong>ingegneria<\/strong> e <strong>IT<\/strong>. Se questo post\/prodotto ti &egrave; piaciuto ti invitiamo a:<\/p>\n<ul>\n<li>visionare il nostro <a href=\"https:\/\/cfdfeaservice.it\/index.php\/blog\/\" target=\"_blank\" rel=\"noopener\">blog<\/a><\/li>\n<li>visionare i <a href=\"https:\/\/cfdfeaservice.it\/index.php\/prodotti\/\" target=\"_blank\" rel=\"noopener\">software<\/a> disponibili - anche per la formazione<\/li>\n<li>iscriverti alla nostra newsletter<\/li>\n<li>entrare in contatto con noi attraverso la <a href=\"https:\/\/cfdfeaservice.it\/#ribbon\" target=\"_blank\" rel=\"noopener\">pagina contatti<\/a><\/li>\n<\/ul>\n<p>Saremo lieti di seguire le tue richieste e fornire risposte alle tue domande.<\/p>","protected":false},"excerpt":{"rendered":"<p>Architetto O Architetta? Il dibattito sul linguaggio di genere conquista anche i settori professionali. A indicare la via \u00e8 stato nel 2017 l\u2019Ordine degli Architetti di Bergamo che ricevendo una richiesta delle architette Silvia Vitali, Francesca Perani e Mariacristina Brembilla ha sdoganato l\u2019uso ufficiale del termine Architetta e consentito d\u2019inserirlo [&hellip;]<\/p>\n","protected":false},"author":8,"featured_media":0,"comment_status":"closed","ping_status":"closed","sticky":false,"template":"","format":"standard","meta":{"spay_email":""},"categories":[57],"tags":[],"jetpack_featured_media_url":"","yoast_head":"<!-- This site is optimized with the Yoast SEO plugin v15.1.1 - https:\/\/yoast.com\/wordpress\/plugins\/seo\/ -->\n<title>Architetto O Architetta: il linguaggio di genere all\u2019interno dell\u2019Ordine! - CFD FEA\/FEM Service<\/title>\n<meta name=\"robots\" content=\"index, follow, max-snippet:-1, max-image-preview:large, max-video-preview:-1\" \/>\n<link rel=\"canonical\" href=\"https:\/\/test.cfdfeaservice.it\/index.php\/2021\/10\/30\/architetto-o-architetta-il-linguaggio-di-genere-allinterno-dellordine\/\" \/>\n<meta property=\"og:locale\" content=\"en_GB\" \/>\n<meta property=\"og:type\" content=\"article\" \/>\n<meta property=\"og:title\" content=\"Architetto O Architetta: il linguaggio di genere all\u2019interno dell\u2019Ordine! - CFD FEA\/FEM Service\" \/>\n<meta property=\"og:description\" content=\"Architetto O Architetta? Il dibattito sul linguaggio di genere conquista anche i settori professionali. A indicare la via \u00e8 stato nel 2017 l\u2019Ordine degli Architetti di Bergamo che ricevendo una richiesta delle architette Silvia Vitali, Francesca Perani e Mariacristina Brembilla ha sdoganato l\u2019uso ufficiale del termine Architetta e consentito d\u2019inserirlo [&hellip;]\" \/>\n<meta property=\"og:url\" content=\"https:\/\/test.cfdfeaservice.it\/index.php\/2021\/10\/30\/architetto-o-architetta-il-linguaggio-di-genere-allinterno-dellordine\/\" \/>\n<meta property=\"og:site_name\" content=\"CFD FEA\/FEM Service\" \/>\n<meta property=\"article:publisher\" content=\"https:\/\/www.facebook.com\/cfdfeaservice\" \/>\n<meta property=\"article:published_time\" content=\"2021-10-30T04:29:52+00:00\" \/>\n<meta name=\"twitter:card\" content=\"summary\" \/>\n<script type=\"application\/ld+json\" class=\"yoast-schema-graph\">{\"@context\":\"https:\/\/schema.org\",\"@graph\":[{\"@type\":\"Organization\",\"@id\":\"https:\/\/test.cfdfeaservice.it\/#organization\",\"name\":\"CFD FEA SERVICE SRL\",\"url\":\"https:\/\/test.cfdfeaservice.it\/\",\"sameAs\":[\"https:\/\/www.facebook.com\/cfdfeaservice\",\"https:\/\/www.linkedin.com\/company\/11421185\/\",\"https:\/\/www.youtube.com\/channel\/UCr2h1DbpsNDKJSBAgeWMbfA\"],\"logo\":{\"@type\":\"ImageObject\",\"@id\":\"https:\/\/test.cfdfeaservice.it\/#logo\",\"inLanguage\":\"en-GB\",\"url\":\"https:\/\/i2.wp.com\/test.cfdfeaservice.it\/wp-content\/uploads\/2018\/07\/CFD-FEA-SERVICE-Compact.png?fit=677%2C178&ssl=1\",\"width\":677,\"height\":178,\"caption\":\"CFD FEA SERVICE SRL\"},\"image\":{\"@id\":\"https:\/\/test.cfdfeaservice.it\/#logo\"}},{\"@type\":\"WebSite\",\"@id\":\"https:\/\/test.cfdfeaservice.it\/#website\",\"url\":\"https:\/\/test.cfdfeaservice.it\/\",\"name\":\"CFD FEA\/FEM Service\",\"description\":\"Servizi di ingegneria 4.0\",\"publisher\":{\"@id\":\"https:\/\/test.cfdfeaservice.it\/#organization\"},\"potentialAction\":[{\"@type\":\"SearchAction\",\"target\":\"https:\/\/test.cfdfeaservice.it\/?s={search_term_string}\",\"query-input\":\"required name=search_term_string\"}],\"inLanguage\":\"en-GB\"},{\"@type\":\"WebPage\",\"@id\":\"https:\/\/test.cfdfeaservice.it\/index.php\/2021\/10\/30\/architetto-o-architetta-il-linguaggio-di-genere-allinterno-dellordine\/#webpage\",\"url\":\"https:\/\/test.cfdfeaservice.it\/index.php\/2021\/10\/30\/architetto-o-architetta-il-linguaggio-di-genere-allinterno-dellordine\/\",\"name\":\"Architetto O Architetta: il linguaggio di genere all\\u2019interno dell\\u2019Ordine! - CFD FEA\/FEM Service\",\"isPartOf\":{\"@id\":\"https:\/\/test.cfdfeaservice.it\/#website\"},\"datePublished\":\"2021-10-30T04:29:52+00:00\",\"dateModified\":\"2021-10-30T04:29:52+00:00\",\"inLanguage\":\"en-GB\",\"potentialAction\":[{\"@type\":\"ReadAction\",\"target\":[\"https:\/\/test.cfdfeaservice.it\/index.php\/2021\/10\/30\/architetto-o-architetta-il-linguaggio-di-genere-allinterno-dellordine\/\"]}]},{\"@type\":\"Article\",\"@id\":\"https:\/\/test.cfdfeaservice.it\/index.php\/2021\/10\/30\/architetto-o-architetta-il-linguaggio-di-genere-allinterno-dellordine\/#article\",\"isPartOf\":{\"@id\":\"https:\/\/test.cfdfeaservice.it\/index.php\/2021\/10\/30\/architetto-o-architetta-il-linguaggio-di-genere-allinterno-dellordine\/#webpage\"},\"author\":{\"@id\":\"https:\/\/test.cfdfeaservice.it\/#\/schema\/person\/c3b6ebdd7f80794fe6e6657f2f5335e7\"},\"headline\":\"Architetto O Architetta: il linguaggio di genere all\\u2019interno dell\\u2019Ordine!\",\"datePublished\":\"2021-10-30T04:29:52+00:00\",\"dateModified\":\"2021-10-30T04:29:52+00:00\",\"mainEntityOfPage\":{\"@id\":\"https:\/\/test.cfdfeaservice.it\/index.php\/2021\/10\/30\/architetto-o-architetta-il-linguaggio-di-genere-allinterno-dellordine\/#webpage\"},\"publisher\":{\"@id\":\"https:\/\/test.cfdfeaservice.it\/#organization\"},\"articleSection\":\"Normativa\",\"inLanguage\":\"en-GB\"},{\"@type\":\"Person\",\"@id\":\"https:\/\/test.cfdfeaservice.it\/#\/schema\/person\/c3b6ebdd7f80794fe6e6657f2f5335e7\",\"name\":\"CFD FEA SERVICE\",\"image\":{\"@type\":\"ImageObject\",\"@id\":\"https:\/\/test.cfdfeaservice.it\/#personlogo\",\"inLanguage\":\"en-GB\",\"url\":\"https:\/\/secure.gravatar.com\/avatar\/a34dbcf675cd4152f1184664b3adcb72?s=96&d=mm&r=g\",\"caption\":\"CFD FEA SERVICE\"}}]}<\/script>\n<!-- \/ Yoast SEO plugin. -->","jetpack_shortlink":"https:\/\/wp.me\/p9JrPq-5nv","jetpack_sharing_enabled":true,"_links":{"self":[{"href":"https:\/\/test.cfdfeaservice.it\/index.php\/wp-json\/wp\/v2\/posts\/20677"}],"collection":[{"href":"https:\/\/test.cfdfeaservice.it\/index.php\/wp-json\/wp\/v2\/posts"}],"about":[{"href":"https:\/\/test.cfdfeaservice.it\/index.php\/wp-json\/wp\/v2\/types\/post"}],"author":[{"embeddable":true,"href":"https:\/\/test.cfdfeaservice.it\/index.php\/wp-json\/wp\/v2\/users\/8"}],"replies":[{"embeddable":true,"href":"https:\/\/test.cfdfeaservice.it\/index.php\/wp-json\/wp\/v2\/comments?post=20677"}],"version-history":[{"count":0,"href":"https:\/\/test.cfdfeaservice.it\/index.php\/wp-json\/wp\/v2\/posts\/20677\/revisions"}],"wp:attachment":[{"href":"https:\/\/test.cfdfeaservice.it\/index.php\/wp-json\/wp\/v2\/media?parent=20677"}],"wp:term":[{"taxonomy":"category","embeddable":true,"href":"https:\/\/test.cfdfeaservice.it\/index.php\/wp-json\/wp\/v2\/categories?post=20677"},{"taxonomy":"post_tag","embeddable":true,"href":"https:\/\/test.cfdfeaservice.it\/index.php\/wp-json\/wp\/v2\/tags?post=20677"}],"curies":[{"name":"wp","href":"https:\/\/api.w.org\/{rel}","templated":true}]}}