{"id":20594,"date":"2021-10-06T00:41:42","date_gmt":"2021-10-05T22:41:42","guid":{"rendered":"https:\/\/test.cfdfeaservice.it\/index.php\/2021\/10\/06\/riforma-del-catasto-il-governo-vuole-ridefinire-il-valore-degli-immobili\/"},"modified":"2021-10-06T00:41:42","modified_gmt":"2021-10-05T22:41:42","slug":"riforma-del-catasto-il-governo-vuole-ridefinire-il-valore-degli-immobili","status":"publish","type":"post","link":"https:\/\/test.cfdfeaservice.it\/index.php\/2021\/10\/06\/riforma-del-catasto-il-governo-vuole-ridefinire-il-valore-degli-immobili\/","title":{"rendered":"Riforma del Catasto: il Governo vuole ridefinire il valore degli immobili."},"content":{"rendered":"<div>\n<p>La<strong> riforma del catasto<\/strong> sta catalizzando l\u2019interesse di politici e cittadini. Allo studio del Governo, la <strong>riforma del catasto<\/strong> andr\u00e0 a introdurre nuove misure fiscali e un deciso cambiamento sulla <a href=\"https:\/\/www.unionegeometri.com\/catasto-terreni-fabbricati-assistenza-online-geometri-catania\/\">materia catastale<\/a>. <\/p>\n<p>La novit\u00e0 maggiore, se la riforma vedr\u00e0 definitivamente la luce, sar\u00e0 probabilmente la ridefinizione del valore catastale degli immobili e quindi una modifica fiscale per quanto riguarda il <strong><a href=\"https:\/\/www.unionegeometri.com\/imu-e-tasi-il-versamento-della-seconda-rata-entro-il-16-dicembre-2019\/\">versamento dell\u2019IMU<\/a><\/strong>.<\/p>\n<h3><strong>Riforma del catasto e ridefinizione del valore degli immobili<\/strong>: come potrebbe cambiare l\u2019IMU e chi pagher\u00e0 pi\u00f9 di quanto paga oggi?<\/h3>\n<div class=\"index-article\">\n<ol>\n<li><a href=\"https:\/\/www.unioneingegneri.com\/#riformadelcatasto%3C\">Riforma del Catasto, un riforma vecchia 25 anni.<\/a><\/li>\n<li><a href=\"https:\/\/www.unioneingegneri.com\/#come\">Come cambier\u00e0 il valore degli immobili?<\/a><\/li>\n<li><a href=\"https:\/\/www.unioneingegneri.com\/#dal\">Dal concetto di vano al calcolo del metro quadrato.<\/a><\/li>\n<li><a href=\"https:\/\/www.unioneingegneri.com\/#aggiornamento\">Aggiornamento estimi catastali.<\/a><\/li>\n<li><a href=\"https:\/\/www.unioneingegneri.com\/#seiungeometra\">Sei un geometra? La tua professione richiede un aggiornamento continuo?<\/a><\/li>\n<\/ol>\n<\/div>\n<p>La grande novit\u00e0 della <strong>Riforma del Catasto<\/strong> sar\u00e0 la conseguente rivoluzione dell\u2019IMU. Le tasse sugli immobili vedranno subiranno cambiamenti e variazioni.<\/p>\n<p><a class=\"anchor-article\" name=\"riformadelcatasto\"><\/a><\/p>\n<h3><strong>Riforma del Catasto<\/strong>, un riforma vecchia 25 anni.<\/h3>\n<p>Quando si parla di <strong>riforma della materia catastale<\/strong> non si fa latro che riprendere un vecchio discorso che in Italia gira almeno da 25 anni. <\/p>\n<p>Oggi, il <strong>sistema catastal<\/strong>e \u00e8 strutturato sulla base degli <strong><a href=\"https:\/\/www.unionegeometri.com\/geometri-cosa-sono-cosa-fanno-e-come-lo-si-diventa\/\">estimi<\/a><\/strong> (<em>valori teorici applicati sui canoni d\u2019affitto elaborati negli anni 80 del 900<\/em>) e che allo stato attuale non risultano pi\u00f9 adeguati alle mutate esigenze del mercato del mattone e alle caratteristiche della societ\u00e0 moderna.<\/p>\n<p>Il <strong>mancato adeguamento degli estimi catastali <\/strong>alle esigenze e ai cambiamenti della societ\u00e0 moderna ha causato uno scollamento tra il valore reale attuale degli immobili e il valore indicato dagli estimi.<\/p>\n<p><a class=\"anchor-article\" name=\"come\"><\/a><\/p>\n<h3>Come cambier\u00e0 il valore degli immobili?<\/h3>\n<p>Abbiamo gi\u00e0 evidenziato come oggi il valore degli immobili non sia aderente alla realt\u00e0 del mercato immobiliare. Le grandi citt\u00e0 si ritrovano oggi in una situazione in cui le zone centrali con abitazioni d\u2019epoca di pregio, si caratterizzano per valori immobiliari superiori a quelli delle nuove costruzioni (<em>con stessa superficie<\/em>) site in periferia.<\/p>\n<p>La riforma allo studio del governo punta a rideterminare le destinazioni d\u2019uso dei vari immobili, facendo distinzione tra immobili ordinari e immobili speciali. Gli edifici coperti dai beni culturali andrebbero a costituire a una specifica categoria a parte, distinta da immobili ordinari e speciali.<\/p>\n<p><a class=\"anchor-article\" name=\"dal\"><\/a><\/p>\n<h3>Dal concetto di vano al calcolo del metro quadrato.<\/h3>\n<p>Un cambiamento, che possiamo definire come epocale, sar\u00e0 sicuramente il <strong>passaggio dal vano al metro quadrato<\/strong>. Il cambiamento modificher\u00e0 profondamente le attivit\u00e0 di determinazione del <strong>valore immobiliare degli immobili<\/strong> ordinari che sarebbero calcolati utilizzando il metro quadro e non pi\u00f9 il numero dei vani.<\/p>\n<p><a class=\"anchor-article\" name=\"aggiornamento\"><\/a><\/p>\n<h3>Aggiornamento estimi catastali.<\/h3>\n<p>La riforma catastale allo studio del Governo prevede inoltre, e qui troviamo diverse discussioni tecniche che seguiremo nelle prossime settimane, una decisa <strong>riforma degli estimi catastali<\/strong> che andranno aggiornati sulla base di un parallelo aggiornamento delle <strong><a href=\"https:\/\/www.unionegeometri.com\/mercato-immobiliare-italia-tre-famiglie-su-quattro-vivono-casa-di-proprieta\/\">banche dati immobiliari<\/a><\/strong> effettuato sulle informazioni recuperato dalle dichiarazioni dei redditi dei contribuenti.<\/p>\n<p><a class=\"anchor-article\" name=\"seiungeometra\"><\/a><\/p>\n<h3>Sei un geometra? La tua professione richiede un aggiornamento continuo?<\/h3>\n<p>Unione Professionisti ti d\u00e0 la possibilit\u00e0 di progettare e completare da solo il tuo percorso di studi, proponendoti tutti i suoi corsi, sviluppati in modalit\u00e0 FAD asincrona, accreditati presso il\u00a0<strong>CNGeGL<\/strong>.<\/p>\n<div class=\"wp-block-buttons\">\n<div class=\"wp-block-button has-custom-width wp-block-button__width-100\"><a class=\"wp-block-button__link has-background\" href=\"https:\/\/shop.unioneprofessionisti.com\/promo-geometri\/?utm_source=Article%20Marketing&amp;utm_medium=Link&amp;utm_campaign=Crediti%20Geometri&amp;utm_content=Clicca%20qui\" style=\"border-radius:50px;background-color:#d5a500\" target=\"_blank\" rel=\"noreferrer noopener\"><strong>Scopri i corsi in promozione che Unione Professionisti ha riservato ai Geometri.<\/strong><\/a><\/div>\n<\/div>\n<p>L&#8217;articolo <a rel=\"nofollow\" href=\"https:\/\/www.unioneingegneri.com\/riforma-del-catasto-valori-immobliari-imu\/\">Riforma del Catasto: il Governo vuole ridefinire il valore degli immobili.<\/a> proviene da <a rel=\"nofollow\" href=\"https:\/\/www.unioneingegneri.com\/\">Unione Geometri<\/a>.<\/p>\n<\/div>\n<p><a href=\"https:\/\/www.unionegeometri.com\/riforma-del-catasto-valori-immobliari-imu\">Vai alla fonte.<\/a><\/p>\n<p>Autore: Mauro Melis<\/p>\n<p class=\"wpematico_credit\"><small>Powered by <a href=\"http:\/\/www.wpematico.com\" target=\"_blank\" rel=\"noopener noreferrer\">WPeMatico<\/a><\/small><\/p>\n<p><strong>_________________________________<\/strong><\/p>\n<p><strong>CFD FEA Service SRL<\/strong> &egrave; una societ&agrave; di servizi che offre <em>consulenza<\/em> e <em>formazione<\/em> in ambito <strong>ingegneria<\/strong> e <strong>IT<\/strong>. Se questo post\/prodotto ti &egrave; piaciuto ti invitiamo a:<\/p>\n<ul>\n<li>visionare il nostro <a href=\"https:\/\/cfdfeaservice.it\/index.php\/blog\/\" target=\"_blank\" rel=\"noopener\">blog<\/a><\/li>\n<li>visionare i <a href=\"https:\/\/cfdfeaservice.it\/index.php\/prodotti\/\" target=\"_blank\" rel=\"noopener\">software<\/a> disponibili - anche per la formazione<\/li>\n<li>iscriverti alla nostra newsletter<\/li>\n<li>entrare in contatto con noi attraverso la <a href=\"https:\/\/cfdfeaservice.it\/#ribbon\" target=\"_blank\" rel=\"noopener\">pagina contatti<\/a><\/li>\n<\/ul>\n<p>Saremo lieti di seguire le tue richieste e fornire risposte alle tue domande.<\/p>","protected":false},"excerpt":{"rendered":"<p>La riforma del catasto sta catalizzando l\u2019interesse di politici e cittadini. Allo studio del Governo, la riforma del catasto andr\u00e0 a introdurre nuove misure fiscali e un deciso cambiamento sulla materia catastale. La novit\u00e0 maggiore, se la riforma vedr\u00e0 definitivamente la luce, sar\u00e0 probabilmente la ridefinizione del valore catastale degli [&hellip;]<\/p>\n","protected":false},"author":8,"featured_media":0,"comment_status":"closed","ping_status":"closed","sticky":false,"template":"","format":"standard","meta":{"spay_email":""},"categories":[57],"tags":[],"jetpack_featured_media_url":"","yoast_head":"<!-- This site is optimized with the Yoast SEO plugin v15.1.1 - https:\/\/yoast.com\/wordpress\/plugins\/seo\/ -->\n<title>Riforma del Catasto: il Governo vuole ridefinire il valore degli immobili. - CFD FEA\/FEM Service<\/title>\n<meta name=\"robots\" content=\"index, follow, max-snippet:-1, max-image-preview:large, max-video-preview:-1\" \/>\n<link rel=\"canonical\" href=\"https:\/\/test.cfdfeaservice.it\/index.php\/2021\/10\/06\/riforma-del-catasto-il-governo-vuole-ridefinire-il-valore-degli-immobili\/\" \/>\n<meta property=\"og:locale\" content=\"en_GB\" \/>\n<meta property=\"og:type\" content=\"article\" \/>\n<meta property=\"og:title\" content=\"Riforma del Catasto: il Governo vuole ridefinire il valore degli immobili. - CFD FEA\/FEM Service\" \/>\n<meta property=\"og:description\" content=\"La riforma del catasto sta catalizzando l\u2019interesse di politici e cittadini. Allo studio del Governo, la riforma del catasto andr\u00e0 a introdurre nuove misure fiscali e un deciso cambiamento sulla materia catastale. La novit\u00e0 maggiore, se la riforma vedr\u00e0 definitivamente la luce, sar\u00e0 probabilmente la ridefinizione del valore catastale degli [&hellip;]\" \/>\n<meta property=\"og:url\" content=\"https:\/\/test.cfdfeaservice.it\/index.php\/2021\/10\/06\/riforma-del-catasto-il-governo-vuole-ridefinire-il-valore-degli-immobili\/\" \/>\n<meta property=\"og:site_name\" content=\"CFD FEA\/FEM Service\" \/>\n<meta property=\"article:publisher\" content=\"https:\/\/www.facebook.com\/cfdfeaservice\" \/>\n<meta property=\"article:published_time\" content=\"2021-10-05T22:41:42+00:00\" \/>\n<meta name=\"twitter:card\" content=\"summary\" \/>\n<script type=\"application\/ld+json\" class=\"yoast-schema-graph\">{\"@context\":\"https:\/\/schema.org\",\"@graph\":[{\"@type\":\"Organization\",\"@id\":\"https:\/\/test.cfdfeaservice.it\/#organization\",\"name\":\"CFD FEA SERVICE SRL\",\"url\":\"https:\/\/test.cfdfeaservice.it\/\",\"sameAs\":[\"https:\/\/www.facebook.com\/cfdfeaservice\",\"https:\/\/www.linkedin.com\/company\/11421185\/\",\"https:\/\/www.youtube.com\/channel\/UCr2h1DbpsNDKJSBAgeWMbfA\"],\"logo\":{\"@type\":\"ImageObject\",\"@id\":\"https:\/\/test.cfdfeaservice.it\/#logo\",\"inLanguage\":\"en-GB\",\"url\":\"https:\/\/i2.wp.com\/test.cfdfeaservice.it\/wp-content\/uploads\/2018\/07\/CFD-FEA-SERVICE-Compact.png?fit=677%2C178&ssl=1\",\"width\":677,\"height\":178,\"caption\":\"CFD FEA SERVICE SRL\"},\"image\":{\"@id\":\"https:\/\/test.cfdfeaservice.it\/#logo\"}},{\"@type\":\"WebSite\",\"@id\":\"https:\/\/test.cfdfeaservice.it\/#website\",\"url\":\"https:\/\/test.cfdfeaservice.it\/\",\"name\":\"CFD FEA\/FEM Service\",\"description\":\"Servizi di ingegneria 4.0\",\"publisher\":{\"@id\":\"https:\/\/test.cfdfeaservice.it\/#organization\"},\"potentialAction\":[{\"@type\":\"SearchAction\",\"target\":\"https:\/\/test.cfdfeaservice.it\/?s={search_term_string}\",\"query-input\":\"required name=search_term_string\"}],\"inLanguage\":\"en-GB\"},{\"@type\":\"WebPage\",\"@id\":\"https:\/\/test.cfdfeaservice.it\/index.php\/2021\/10\/06\/riforma-del-catasto-il-governo-vuole-ridefinire-il-valore-degli-immobili\/#webpage\",\"url\":\"https:\/\/test.cfdfeaservice.it\/index.php\/2021\/10\/06\/riforma-del-catasto-il-governo-vuole-ridefinire-il-valore-degli-immobili\/\",\"name\":\"Riforma del Catasto: il Governo vuole ridefinire il valore degli immobili. - CFD FEA\/FEM Service\",\"isPartOf\":{\"@id\":\"https:\/\/test.cfdfeaservice.it\/#website\"},\"datePublished\":\"2021-10-05T22:41:42+00:00\",\"dateModified\":\"2021-10-05T22:41:42+00:00\",\"inLanguage\":\"en-GB\",\"potentialAction\":[{\"@type\":\"ReadAction\",\"target\":[\"https:\/\/test.cfdfeaservice.it\/index.php\/2021\/10\/06\/riforma-del-catasto-il-governo-vuole-ridefinire-il-valore-degli-immobili\/\"]}]},{\"@type\":\"Article\",\"@id\":\"https:\/\/test.cfdfeaservice.it\/index.php\/2021\/10\/06\/riforma-del-catasto-il-governo-vuole-ridefinire-il-valore-degli-immobili\/#article\",\"isPartOf\":{\"@id\":\"https:\/\/test.cfdfeaservice.it\/index.php\/2021\/10\/06\/riforma-del-catasto-il-governo-vuole-ridefinire-il-valore-degli-immobili\/#webpage\"},\"author\":{\"@id\":\"https:\/\/test.cfdfeaservice.it\/#\/schema\/person\/c3b6ebdd7f80794fe6e6657f2f5335e7\"},\"headline\":\"Riforma del Catasto: il Governo vuole ridefinire il valore degli immobili.\",\"datePublished\":\"2021-10-05T22:41:42+00:00\",\"dateModified\":\"2021-10-05T22:41:42+00:00\",\"mainEntityOfPage\":{\"@id\":\"https:\/\/test.cfdfeaservice.it\/index.php\/2021\/10\/06\/riforma-del-catasto-il-governo-vuole-ridefinire-il-valore-degli-immobili\/#webpage\"},\"publisher\":{\"@id\":\"https:\/\/test.cfdfeaservice.it\/#organization\"},\"articleSection\":\"Normativa\",\"inLanguage\":\"en-GB\"},{\"@type\":\"Person\",\"@id\":\"https:\/\/test.cfdfeaservice.it\/#\/schema\/person\/c3b6ebdd7f80794fe6e6657f2f5335e7\",\"name\":\"CFD FEA SERVICE\",\"image\":{\"@type\":\"ImageObject\",\"@id\":\"https:\/\/test.cfdfeaservice.it\/#personlogo\",\"inLanguage\":\"en-GB\",\"url\":\"https:\/\/secure.gravatar.com\/avatar\/a34dbcf675cd4152f1184664b3adcb72?s=96&d=mm&r=g\",\"caption\":\"CFD FEA SERVICE\"}}]}<\/script>\n<!-- \/ Yoast SEO plugin. -->","jetpack_shortlink":"https:\/\/wp.me\/p9JrPq-5ma","jetpack_sharing_enabled":true,"_links":{"self":[{"href":"https:\/\/test.cfdfeaservice.it\/index.php\/wp-json\/wp\/v2\/posts\/20594"}],"collection":[{"href":"https:\/\/test.cfdfeaservice.it\/index.php\/wp-json\/wp\/v2\/posts"}],"about":[{"href":"https:\/\/test.cfdfeaservice.it\/index.php\/wp-json\/wp\/v2\/types\/post"}],"author":[{"embeddable":true,"href":"https:\/\/test.cfdfeaservice.it\/index.php\/wp-json\/wp\/v2\/users\/8"}],"replies":[{"embeddable":true,"href":"https:\/\/test.cfdfeaservice.it\/index.php\/wp-json\/wp\/v2\/comments?post=20594"}],"version-history":[{"count":0,"href":"https:\/\/test.cfdfeaservice.it\/index.php\/wp-json\/wp\/v2\/posts\/20594\/revisions"}],"wp:attachment":[{"href":"https:\/\/test.cfdfeaservice.it\/index.php\/wp-json\/wp\/v2\/media?parent=20594"}],"wp:term":[{"taxonomy":"category","embeddable":true,"href":"https:\/\/test.cfdfeaservice.it\/index.php\/wp-json\/wp\/v2\/categories?post=20594"},{"taxonomy":"post_tag","embeddable":true,"href":"https:\/\/test.cfdfeaservice.it\/index.php\/wp-json\/wp\/v2\/tags?post=20594"}],"curies":[{"name":"wp","href":"https:\/\/api.w.org\/{rel}","templated":true}]}}