{"id":20583,"date":"2021-10-02T04:39:34","date_gmt":"2021-10-02T02:39:34","guid":{"rendered":"https:\/\/test.cfdfeaservice.it\/index.php\/2021\/10\/02\/murrelektronik-ha-inaugurato-la-nuova-sede-italiana\/"},"modified":"2021-10-02T04:39:34","modified_gmt":"2021-10-02T02:39:34","slug":"murrelektronik-ha-inaugurato-la-nuova-sede-italiana","status":"publish","type":"post","link":"https:\/\/test.cfdfeaservice.it\/index.php\/2021\/10\/02\/murrelektronik-ha-inaugurato-la-nuova-sede-italiana\/","title":{"rendered":"Murrelektronik ha inaugurato la nuova sede italiana"},"content":{"rendered":"<div>\n<div style=\"margin: 5px 5% 10px 5%;\"><img loading=\"lazy\" src=\"https:\/\/i2.wp.com\/www.ilprogettistaindustriale.it\/files\/2021\/09\/Sede_esterno.jpg?resize=750%2C365&#038;ssl=1\" width=\"750\" height=\"365\" title=\"\" alt=\"Gruppo Murrelektronik\" data-recalc-dims=\"1\"><\/div>\n<div>\n<p><em>Murrelektronik ha presentato la nuova sede dell\u2019azienda sita presso l\u2019Energy Park di Vimercate, pensata combinando tecnologia e ambiente.<\/em><\/p>\n<p>Con la realizzazione dei nuovi uffici, Murrelektronik ha voluto fortemente mettere in luce sia aspetti innovativi che valori di sostenibilit\u00e0. La nuova sede rappresenta la perfetta combinazione tra tecnologia e ambiente.<\/p>\n<p>Il claim \u201c<em>Stay connected\u201d<\/em> per <a href=\"https:\/\/www.murrelektronik.it\/it\" target=\"_blank\" rel=\"noopener noreferrer\">Murrelektronik<\/a> non significa solo connessione a livello industriale ma si estende a 360 gradi su tutte le attivit\u00e0 e sulla vision aziendale, incarnando l\u2019idea di equilibrio tra la realt\u00e0 industriale e la sostenibilit\u00e0 ambientale che premia il territorio, non a caso molti elementi che caratterizzano gli ambienti utilizzano materiali di recupero.<\/p>\n<p><img loading=\"lazy\" class=\"alignnone size-full wp-image-29089\" src=\"https:\/\/i0.wp.com\/www.ilprogettistaindustriale.it\/files\/2021\/09\/Interno_1.jpg?resize=750%2C563&#038;ssl=1\" alt=\"\" width=\"750\" height=\"563\" srcset=\"https:\/\/i0.wp.com\/www.ilprogettistaindustriale.it\/files\/2021\/09\/Interno_1.jpg?resize=750%2C563&#038;ssl=1 2048w, https:\/\/www.ilprogettistaindustriale.it\/files\/2021\/09\/Interno_1-300x225.jpg 300w, https:\/\/www.ilprogettistaindustriale.it\/files\/2021\/09\/Interno_1-768x576.jpg 768w, https:\/\/www.ilprogettistaindustriale.it\/files\/2021\/09\/Interno_1-1024x768.jpg 1024w, https:\/\/www.ilprogettistaindustriale.it\/files\/2021\/09\/Interno_1-80x60.jpg 80w, https:\/\/www.ilprogettistaindustriale.it\/files\/2021\/09\/Interno_1-265x198.jpg 265w, https:\/\/www.ilprogettistaindustriale.it\/files\/2021\/09\/Interno_1-696x522.jpg 696w, https:\/\/www.ilprogettistaindustriale.it\/files\/2021\/09\/Interno_1-1068x801.jpg 1068w, https:\/\/www.ilprogettistaindustriale.it\/files\/2021\/09\/Interno_1-560x420.jpg 560w\" sizes=\"(max-width: 2048px) 100vw, 2048px\" data-recalc-dims=\"1\"><\/p>\n<h2>Una struttura che parla del futuro<\/h2>\n<p>La nuova sede di Murrelektronik \u00e8 un connubio di momenti, di spazi: l\u2019ambiente e l\u2019innovazione tecnologica dei prodotti Murrelektronik si fondono in un\u2019unica moderna struttura grazie all\u2019attenta collocazione degli spazi interni. Il nuovo modo di narrare organicamente il concetto di ambiente lavorativo conferisce agli uffici di Murrelektronik la capacit\u00e0 di stimolare un senso di appartenenza. Marco Capaccioli, Managing Director di Murrelektronik ha affermato: \u201cLa filiale italiana di Murrelektronik \u00e8 stata aperta nel 1993 e sin da allora abbiamo cominciato a pensare al futuro. Reagire agli stimoli e alle criticit\u00e0 di un futuro in continuo cambiamento, adattarsi in modo flessibile e propositivo alle circostanze, questo \u00e8 lo spirito che ogni giorno ci spinge ad affrontare qualsiasi tipo di sfida. La nuova sede ha per noi un significato molto importante che ingloba un senso di ripartenza ma anche di proseguimento del nostro cammino, rimanendo al passo con il mondo che cambia, migliorando il senso di accoglienza e appartenenza sia per i dipendenti che per i nostri partner e clienti.\u201d<\/p>\n<p><img loading=\"lazy\" class=\"alignnone size-full wp-image-29088\" src=\"https:\/\/i0.wp.com\/www.ilprogettistaindustriale.it\/files\/2021\/09\/Ingresso_1.png?resize=750%2C563&#038;ssl=1\" alt=\"Gruppo Murrelektronik\" width=\"750\" height=\"563\" srcset=\"https:\/\/i0.wp.com\/www.ilprogettistaindustriale.it\/files\/2021\/09\/Ingresso_1.png?resize=750%2C563&#038;ssl=1 2048w, https:\/\/www.ilprogettistaindustriale.it\/files\/2021\/09\/Ingresso_1-300x225.png 300w, https:\/\/www.ilprogettistaindustriale.it\/files\/2021\/09\/Ingresso_1-768x576.png 768w, https:\/\/www.ilprogettistaindustriale.it\/files\/2021\/09\/Ingresso_1-1024x768.png 1024w, https:\/\/www.ilprogettistaindustriale.it\/files\/2021\/09\/Ingresso_1-80x60.png 80w, https:\/\/www.ilprogettistaindustriale.it\/files\/2021\/09\/Ingresso_1-265x198.png 265w, https:\/\/www.ilprogettistaindustriale.it\/files\/2021\/09\/Ingresso_1-696x522.png 696w, https:\/\/www.ilprogettistaindustriale.it\/files\/2021\/09\/Ingresso_1-1068x801.png 1068w, https:\/\/www.ilprogettistaindustriale.it\/files\/2021\/09\/Ingresso_1-560x420.png 560w\" sizes=\"(max-width: 2048px) 100vw, 2048px\" data-recalc-dims=\"1\"><\/p>\n<h2>Lavoro, equilibrio e armonia<\/h2>\n<p>Gli interni della sede di Murrelektronik sono stati curati dall\u2019Architetto Fabio Terraneo il quale, attraverso concetti che richiamano le tematiche naturali, ha interpretato il motto \u201cstay connected\u201d creando un mix originale nella ripartizione degli spazi interni. In un percorso ordinato all\u2019interno delle aree sono stati riassunti concetti che rappresentano metafore e riferimenti precisi: l\u2019intento di Murrelektronik \u00e8 quello di fare in modo che i propri spazi generino un costante stimolo positivo.<\/p>\n<p><em>Il progetto \u00e8 sostenuto dall\u2019idea che il lavoro quotidiano e la tecnologia si possono fondere in un equilibrio armonico. L\u2019ambiente lavorativo non deve essere chiuso anzi, deve poter ispirare chi lo vive. In questi nuovi spazi la natura \u00e8 protagonista dialoga con la tecnologia.<\/em><\/p>\n<h2>Il rinnovamento di Murrelektronik<\/h2>\n<p>La nuova sede \u00e8 il cuore pulsante di tutte le attivit\u00e0 di Murrelektronik. Sono numerosi i progetti gi\u00e0 completati e in cantiere, come ad esempio, la creazione di un competence center in grado di attrarre specialisti e coltivare talenti. La struttura punta a diventare il luogo ideale per valorizzare le persone e le loro specificit\u00e0, grazie anche ad ambienti accoglienti e spazi interni polifunzionali. Fiore all\u2019occhiello della nuova sede \u00e8 lo showroom, che ospita le soluzioni tecnologiche proposte dall\u2019azienda, dando la possibilit\u00e0 ai clienti di vivere una esperienza immersiva e unica alla scoperta del mondo Murrelektronik.<\/p>\n<\/div>\n<p>L&#8217;articolo <a rel=\"nofollow\" href=\"https:\/\/www.ilprogettistaindustriale.it\/murrelektronik-ha-inaugurato-la-nuova-sede-italiana\/\">Murrelektronik ha inaugurato la nuova sede italiana<\/a> sembra essere il primo su <a rel=\"nofollow\" href=\"https:\/\/www.ilprogettistaindustriale.it\/\">Il Progettista Industriale<\/a>.<\/p>\n<\/div>\n<p><a href=\"https:\/\/www.ilprogettistaindustriale.it\/murrelektronik-ha-inaugurato-la-nuova-sede-italiana\/?utm_source=rss&#038;utm_medium=rss&#038;utm_campaign=murrelektronik-ha-inaugurato-la-nuova-sede-italiana\">Vai alla fonte.<\/a><\/p>\n<p>Autore: Redazione<\/p>\n<p class=\"wpematico_credit\"><small>Powered by <a href=\"http:\/\/www.wpematico.com\" target=\"_blank\" rel=\"noopener noreferrer\">WPeMatico<\/a><\/small><\/p>\n<p><strong>_________________________________<\/strong><\/p>\n<p><strong>CFD FEA Service SRL<\/strong> &egrave; una societ&agrave; di servizi che offre <em>consulenza<\/em> e <em>formazione<\/em> in ambito <strong>ingegneria<\/strong> e <strong>IT<\/strong>. Se questo post\/prodotto ti &egrave; piaciuto ti invitiamo a:<\/p>\n<ul>\n<li>visionare il nostro <a href=\"https:\/\/cfdfeaservice.it\/index.php\/blog\/\" target=\"_blank\" rel=\"noopener\">blog<\/a><\/li>\n<li>visionare i <a href=\"https:\/\/cfdfeaservice.it\/index.php\/prodotti\/\" target=\"_blank\" rel=\"noopener\">software<\/a> disponibili - anche per la formazione<\/li>\n<li>iscriverti alla nostra newsletter<\/li>\n<li>entrare in contatto con noi attraverso la <a href=\"https:\/\/cfdfeaservice.it\/#ribbon\" target=\"_blank\" rel=\"noopener\">pagina contatti<\/a><\/li>\n<\/ul>\n<p>Saremo lieti di seguire le tue richieste e fornire risposte alle tue domande.<\/p>","protected":false},"excerpt":{"rendered":"<p>Murrelektronik ha presentato la nuova sede dell\u2019azienda sita presso l\u2019Energy Park di Vimercate, pensata combinando tecnologia e ambiente. Con la realizzazione dei nuovi uffici, Murrelektronik ha voluto fortemente mettere in luce sia aspetti innovativi che valori di sostenibilit\u00e0. La nuova sede rappresenta la perfetta combinazione tra tecnologia e ambiente. Il [&hellip;]<\/p>\n","protected":false},"author":8,"featured_media":20584,"comment_status":"closed","ping_status":"closed","sticky":false,"template":"","format":"standard","meta":{"spay_email":""},"categories":[57],"tags":[],"jetpack_featured_media_url":"https:\/\/i0.wp.com\/test.cfdfeaservice.it\/wp-content\/uploads\/2021\/10\/Sede_esterno.jpg?fit=2016%2C980&ssl=1","yoast_head":"<!-- This site is optimized with the Yoast SEO plugin v15.1.1 - https:\/\/yoast.com\/wordpress\/plugins\/seo\/ -->\n<title>Murrelektronik ha inaugurato la nuova sede italiana - CFD FEA\/FEM Service<\/title>\n<meta name=\"robots\" content=\"index, follow, max-snippet:-1, max-image-preview:large, max-video-preview:-1\" \/>\n<link rel=\"canonical\" href=\"https:\/\/test.cfdfeaservice.it\/index.php\/2021\/10\/02\/murrelektronik-ha-inaugurato-la-nuova-sede-italiana\/\" \/>\n<meta property=\"og:locale\" content=\"en_GB\" \/>\n<meta property=\"og:type\" content=\"article\" \/>\n<meta property=\"og:title\" content=\"Murrelektronik ha inaugurato la nuova sede italiana - CFD FEA\/FEM Service\" \/>\n<meta property=\"og:description\" content=\"Murrelektronik ha presentato la nuova sede dell\u2019azienda sita presso l\u2019Energy Park di Vimercate, pensata combinando tecnologia e ambiente. Con la realizzazione dei nuovi uffici, Murrelektronik ha voluto fortemente mettere in luce sia aspetti innovativi che valori di sostenibilit\u00e0. La nuova sede rappresenta la perfetta combinazione tra tecnologia e ambiente. Il [&hellip;]\" \/>\n<meta property=\"og:url\" content=\"https:\/\/test.cfdfeaservice.it\/index.php\/2021\/10\/02\/murrelektronik-ha-inaugurato-la-nuova-sede-italiana\/\" \/>\n<meta property=\"og:site_name\" content=\"CFD FEA\/FEM Service\" \/>\n<meta property=\"article:publisher\" content=\"https:\/\/www.facebook.com\/cfdfeaservice\" \/>\n<meta property=\"article:published_time\" content=\"2021-10-02T02:39:34+00:00\" \/>\n<meta property=\"og:image\" content=\"https:\/\/www.ilprogettistaindustriale.it\/files\/2021\/09\/Sede_esterno.jpg\" \/>\n<meta name=\"twitter:card\" content=\"summary\" \/>\n<script type=\"application\/ld+json\" class=\"yoast-schema-graph\">{\"@context\":\"https:\/\/schema.org\",\"@graph\":[{\"@type\":\"Organization\",\"@id\":\"https:\/\/test.cfdfeaservice.it\/#organization\",\"name\":\"CFD FEA SERVICE SRL\",\"url\":\"https:\/\/test.cfdfeaservice.it\/\",\"sameAs\":[\"https:\/\/www.facebook.com\/cfdfeaservice\",\"https:\/\/www.linkedin.com\/company\/11421185\/\",\"https:\/\/www.youtube.com\/channel\/UCr2h1DbpsNDKJSBAgeWMbfA\"],\"logo\":{\"@type\":\"ImageObject\",\"@id\":\"https:\/\/test.cfdfeaservice.it\/#logo\",\"inLanguage\":\"en-GB\",\"url\":\"https:\/\/i2.wp.com\/test.cfdfeaservice.it\/wp-content\/uploads\/2018\/07\/CFD-FEA-SERVICE-Compact.png?fit=677%2C178&ssl=1\",\"width\":677,\"height\":178,\"caption\":\"CFD FEA SERVICE SRL\"},\"image\":{\"@id\":\"https:\/\/test.cfdfeaservice.it\/#logo\"}},{\"@type\":\"WebSite\",\"@id\":\"https:\/\/test.cfdfeaservice.it\/#website\",\"url\":\"https:\/\/test.cfdfeaservice.it\/\",\"name\":\"CFD FEA\/FEM Service\",\"description\":\"Servizi di ingegneria 4.0\",\"publisher\":{\"@id\":\"https:\/\/test.cfdfeaservice.it\/#organization\"},\"potentialAction\":[{\"@type\":\"SearchAction\",\"target\":\"https:\/\/test.cfdfeaservice.it\/?s={search_term_string}\",\"query-input\":\"required name=search_term_string\"}],\"inLanguage\":\"en-GB\"},{\"@type\":\"ImageObject\",\"@id\":\"https:\/\/test.cfdfeaservice.it\/index.php\/2021\/10\/02\/murrelektronik-ha-inaugurato-la-nuova-sede-italiana\/#primaryimage\",\"inLanguage\":\"en-GB\",\"url\":\"https:\/\/i0.wp.com\/test.cfdfeaservice.it\/wp-content\/uploads\/2021\/10\/Sede_esterno.jpg?fit=2016%2C980&ssl=1\",\"width\":2016,\"height\":980},{\"@type\":\"WebPage\",\"@id\":\"https:\/\/test.cfdfeaservice.it\/index.php\/2021\/10\/02\/murrelektronik-ha-inaugurato-la-nuova-sede-italiana\/#webpage\",\"url\":\"https:\/\/test.cfdfeaservice.it\/index.php\/2021\/10\/02\/murrelektronik-ha-inaugurato-la-nuova-sede-italiana\/\",\"name\":\"Murrelektronik ha inaugurato la nuova sede italiana - CFD FEA\/FEM Service\",\"isPartOf\":{\"@id\":\"https:\/\/test.cfdfeaservice.it\/#website\"},\"primaryImageOfPage\":{\"@id\":\"https:\/\/test.cfdfeaservice.it\/index.php\/2021\/10\/02\/murrelektronik-ha-inaugurato-la-nuova-sede-italiana\/#primaryimage\"},\"datePublished\":\"2021-10-02T02:39:34+00:00\",\"dateModified\":\"2021-10-02T02:39:34+00:00\",\"inLanguage\":\"en-GB\",\"potentialAction\":[{\"@type\":\"ReadAction\",\"target\":[\"https:\/\/test.cfdfeaservice.it\/index.php\/2021\/10\/02\/murrelektronik-ha-inaugurato-la-nuova-sede-italiana\/\"]}]},{\"@type\":\"Article\",\"@id\":\"https:\/\/test.cfdfeaservice.it\/index.php\/2021\/10\/02\/murrelektronik-ha-inaugurato-la-nuova-sede-italiana\/#article\",\"isPartOf\":{\"@id\":\"https:\/\/test.cfdfeaservice.it\/index.php\/2021\/10\/02\/murrelektronik-ha-inaugurato-la-nuova-sede-italiana\/#webpage\"},\"author\":{\"@id\":\"https:\/\/test.cfdfeaservice.it\/#\/schema\/person\/c3b6ebdd7f80794fe6e6657f2f5335e7\"},\"headline\":\"Murrelektronik ha inaugurato la nuova sede italiana\",\"datePublished\":\"2021-10-02T02:39:34+00:00\",\"dateModified\":\"2021-10-02T02:39:34+00:00\",\"mainEntityOfPage\":{\"@id\":\"https:\/\/test.cfdfeaservice.it\/index.php\/2021\/10\/02\/murrelektronik-ha-inaugurato-la-nuova-sede-italiana\/#webpage\"},\"publisher\":{\"@id\":\"https:\/\/test.cfdfeaservice.it\/#organization\"},\"image\":{\"@id\":\"https:\/\/test.cfdfeaservice.it\/index.php\/2021\/10\/02\/murrelektronik-ha-inaugurato-la-nuova-sede-italiana\/#primaryimage\"},\"articleSection\":\"Normativa\",\"inLanguage\":\"en-GB\"},{\"@type\":\"Person\",\"@id\":\"https:\/\/test.cfdfeaservice.it\/#\/schema\/person\/c3b6ebdd7f80794fe6e6657f2f5335e7\",\"name\":\"CFD FEA SERVICE\",\"image\":{\"@type\":\"ImageObject\",\"@id\":\"https:\/\/test.cfdfeaservice.it\/#personlogo\",\"inLanguage\":\"en-GB\",\"url\":\"https:\/\/secure.gravatar.com\/avatar\/a34dbcf675cd4152f1184664b3adcb72?s=96&d=mm&r=g\",\"caption\":\"CFD FEA SERVICE\"}}]}<\/script>\n<!-- \/ Yoast SEO plugin. -->","jetpack_shortlink":"https:\/\/wp.me\/p9JrPq-5lZ","jetpack_sharing_enabled":true,"_links":{"self":[{"href":"https:\/\/test.cfdfeaservice.it\/index.php\/wp-json\/wp\/v2\/posts\/20583"}],"collection":[{"href":"https:\/\/test.cfdfeaservice.it\/index.php\/wp-json\/wp\/v2\/posts"}],"about":[{"href":"https:\/\/test.cfdfeaservice.it\/index.php\/wp-json\/wp\/v2\/types\/post"}],"author":[{"embeddable":true,"href":"https:\/\/test.cfdfeaservice.it\/index.php\/wp-json\/wp\/v2\/users\/8"}],"replies":[{"embeddable":true,"href":"https:\/\/test.cfdfeaservice.it\/index.php\/wp-json\/wp\/v2\/comments?post=20583"}],"version-history":[{"count":0,"href":"https:\/\/test.cfdfeaservice.it\/index.php\/wp-json\/wp\/v2\/posts\/20583\/revisions"}],"wp:featuredmedia":[{"embeddable":true,"href":"https:\/\/test.cfdfeaservice.it\/index.php\/wp-json\/wp\/v2\/media\/20584"}],"wp:attachment":[{"href":"https:\/\/test.cfdfeaservice.it\/index.php\/wp-json\/wp\/v2\/media?parent=20583"}],"wp:term":[{"taxonomy":"category","embeddable":true,"href":"https:\/\/test.cfdfeaservice.it\/index.php\/wp-json\/wp\/v2\/categories?post=20583"},{"taxonomy":"post_tag","embeddable":true,"href":"https:\/\/test.cfdfeaservice.it\/index.php\/wp-json\/wp\/v2\/tags?post=20583"}],"curies":[{"name":"wp","href":"https:\/\/api.w.org\/{rel}","templated":true}]}}