{"id":20357,"date":"2021-06-15T03:06:55","date_gmt":"2021-06-15T01:06:55","guid":{"rendered":"https:\/\/test.cfdfeaservice.it\/index.php\/2021\/06\/15\/assofoodtec-il-gruppo-dedicato-a-tritacarne-e-affettatrici-riparte-da-andrea-salati\/"},"modified":"2021-06-15T03:06:55","modified_gmt":"2021-06-15T01:06:55","slug":"assofoodtec-il-gruppo-dedicato-a-tritacarne-e-affettatrici-riparte-da-andrea-salati","status":"publish","type":"post","link":"https:\/\/test.cfdfeaservice.it\/index.php\/2021\/06\/15\/assofoodtec-il-gruppo-dedicato-a-tritacarne-e-affettatrici-riparte-da-andrea-salati\/","title":{"rendered":"Assofoodtec, il gruppo dedicato a tritacarne e affettatrici  riparte da Andrea Salati"},"content":{"rendered":"<div>\n<div style=\"margin: 5px 5% 10px 5%;\"><img loading=\"lazy\" src=\"https:\/\/i0.wp.com\/www.ilprogettistaindustriale.it\/files\/2021\/06\/Andrea-Salati-Chiodini_foto-Login.jpg?resize=750%2C1125&#038;ssl=1\" width=\"750\" height=\"1125\" title=\"\" alt=\"Assofoodtech\" data-recalc-dims=\"1\"><\/div>\n<div>\n<p><em><a href=\"https:\/\/www.anima.it\/associazioni\/elenco\/assofoodtec\/\" target=\"_blank\" rel=\"noopener noreferrer\">Assofoodtec<\/a>, il gruppo Affettatrici, Tritacarne e Affini riparte da Andrea Salati Chiodini. che torna a ricoprire il ruolo di presidente fino al 2023.<\/em><\/p>\n<p>L\u2019attuale presidente di Assofoodtec, Andrea Salati Chiodini, ricoprir\u00e0 anche il ruolo di presidente all\u2019interno del gruppo Affettatrici, Tritacarne e Affini fino al 2023. Il comparto fa parte di Assofoodtec, l\u2019associazione italiana costruttori macchine, impianti, attrezzature per la produzione, la lavorazione e la conservazione alimentare, federata Anima Confindustria.<\/p>\n<p>Nato a Bologna nel 1962, Andrea Salati Chiodini \u00e8 titolare con i fratelli della societ\u00e0 Minerva Omega Group, azienda produttrice di macchinari e soluzioni per i processi alimentari e per il confezionamento che esporta per oltre il 70%. Membro attivo all\u2019interno di Anima Confindustria da oltre 10 anni, Salati Chiodini ha gi\u00e0 ricoperto il ruolo di presidente dei Costruttori Affettatrici, Tritacarne e Affini dal 2012 al 2019, per poi essere eletto presidente di Assofoodtec.<\/p>\n<p>Andrea Salati Chiodini succede al dott. Giovanni Rossi, recentemente scomparso: \u00abIl mio primo pensiero \u00e8 rivolto al mio amico e collega Giovanni Rossi, che ha proseguito egregiamente le attivit\u00e0 della precedente Presidenza e posto le basi delle attivit\u00e0 attualmente in corso. Negli ultimi anni \u2013 prosegue Salati Chiodini \u2013 \u00e8 stato realizzato un Vademecum sui MOCA, in collaborazione con ICIM, dedicato ai soci per aiutare le aziende a comprendere e soddisfare i requisiti relativi alla progettazione, produzione e vendita dei prodotti che vengono a contatto con gli alimenti. Non dimentichiamo la partecipazione attiva di Giovanni Rossi e di tutto il gruppo per sensibilizzare le istituzioni durante l\u2019anno appena trascorso. Il settore Horeca rappresentato da Assofoodtec \u00e8 stato fortemente colpito dalla pandemia, soprattutto a causa delle prolungate chiusure di ristoranti, bar e hotel\u00bb.<\/p>\n<p>Per quanto riguarda l\u2019attivit\u00e0 normativa, \u00abil gruppo tecnico ha lavorato alla revisione della norma EN 1974 sulle affettatrici e alla EN 12331, da noi fatta modificare, che introduce ufficialmente la definizione di macchine \u201cprofessionali\u201d per le macchine tritacarne da banco. L\u2019associazione ha avuto un ruolo attivo anche nella definizione della EN 12268 relativa ai segaossi. Nel prossimo biennio \u2013 afferma il presidente Salati Chiodini \u2013 intendiamo proseguire le attivit\u00e0 per sviluppare e definire le normative tecniche per il settore; manterremo, inoltre, un contatto continuo con enti e istituzioni per garantire la tutela della salute di lavoratori e consumatori, avviando anche nuovi progetti con INAIL per un miglior controllo delle apparecchiature sul mercato a tutela degli utilizzatori. Oltre a questo, non si ferma l\u2019attivit\u00e0 di formazione professionale per gli operatori del settore\u00bb.<\/p>\n<p>\u00a0<\/p>\n<\/div>\n<p>L&#8217;articolo <a rel=\"nofollow\" href=\"https:\/\/www.ilprogettistaindustriale.it\/assofoodtec-il-gruppo-dedicato-a-tritacarne-e-affettatrici-riparte-da-andrea-salati\/\">Assofoodtec, il gruppo dedicato a tritacarne e affettatrici  riparte da Andrea Salati<\/a> sembra essere il primo su <a rel=\"nofollow\" href=\"https:\/\/www.ilprogettistaindustriale.it\/\">Il Progettista Industriale<\/a>.<\/p>\n<\/div>\n<p><a href=\"https:\/\/www.ilprogettistaindustriale.it\/assofoodtec-il-gruppo-dedicato-a-tritacarne-e-affettatrici-riparte-da-andrea-salati\/?utm_source=rss&#038;utm_medium=rss&#038;utm_campaign=assofoodtec-il-gruppo-dedicato-a-tritacarne-e-affettatrici-riparte-da-andrea-salati\">Vai alla fonte.<\/a><\/p>\n<p>Autore: Redazione<\/p>\n<p class=\"wpematico_credit\"><small>Powered by <a href=\"http:\/\/www.wpematico.com\" target=\"_blank\" rel=\"noopener noreferrer\">WPeMatico<\/a><\/small><\/p>\n<p><strong>_________________________________<\/strong><\/p>\n<p><strong>CFD FEA Service SRL<\/strong> &egrave; una societ&agrave; di servizi che offre <em>consulenza<\/em> e <em>formazione<\/em> in ambito <strong>ingegneria<\/strong> e <strong>IT<\/strong>. Se questo post\/prodotto ti &egrave; piaciuto ti invitiamo a:<\/p>\n<ul>\n<li>visionare il nostro <a href=\"https:\/\/cfdfeaservice.it\/index.php\/blog\/\" target=\"_blank\" rel=\"noopener\">blog<\/a><\/li>\n<li>visionare i <a href=\"https:\/\/cfdfeaservice.it\/index.php\/prodotti\/\" target=\"_blank\" rel=\"noopener\">software<\/a> disponibili - anche per la formazione<\/li>\n<li>iscriverti alla nostra newsletter<\/li>\n<li>entrare in contatto con noi attraverso la <a href=\"https:\/\/cfdfeaservice.it\/#ribbon\" target=\"_blank\" rel=\"noopener\">pagina contatti<\/a><\/li>\n<\/ul>\n<p>Saremo lieti di seguire le tue richieste e fornire risposte alle tue domande.<\/p>","protected":false},"excerpt":{"rendered":"<p>Assofoodtec, il gruppo Affettatrici, Tritacarne e Affini riparte da Andrea Salati Chiodini. che torna a ricoprire il ruolo di presidente fino al 2023. L\u2019attuale presidente di Assofoodtec, Andrea Salati Chiodini, ricoprir\u00e0 anche il ruolo di presidente all\u2019interno del gruppo Affettatrici, Tritacarne e Affini fino al 2023. Il comparto fa parte [&hellip;]<\/p>\n","protected":false},"author":8,"featured_media":20358,"comment_status":"closed","ping_status":"closed","sticky":false,"template":"","format":"standard","meta":{"spay_email":""},"categories":[57],"tags":[],"jetpack_featured_media_url":"https:\/\/i2.wp.com\/test.cfdfeaservice.it\/wp-content\/uploads\/2021\/06\/Andrea-Salati-Chiodini_foto-Login-scaled.jpg?fit=1707%2C2560&ssl=1","yoast_head":"<!-- This site is optimized with the Yoast SEO plugin v15.1.1 - https:\/\/yoast.com\/wordpress\/plugins\/seo\/ -->\n<title>Assofoodtec, il gruppo dedicato a tritacarne e affettatrici riparte da Andrea Salati - CFD FEA\/FEM Service<\/title>\n<meta name=\"robots\" content=\"index, follow, max-snippet:-1, max-image-preview:large, max-video-preview:-1\" \/>\n<link rel=\"canonical\" href=\"https:\/\/test.cfdfeaservice.it\/index.php\/2021\/06\/15\/assofoodtec-il-gruppo-dedicato-a-tritacarne-e-affettatrici-riparte-da-andrea-salati\/\" \/>\n<meta property=\"og:locale\" content=\"en_GB\" \/>\n<meta property=\"og:type\" content=\"article\" \/>\n<meta property=\"og:title\" content=\"Assofoodtec, il gruppo dedicato a tritacarne e affettatrici riparte da Andrea Salati - CFD FEA\/FEM Service\" \/>\n<meta property=\"og:description\" content=\"Assofoodtec, il gruppo Affettatrici, Tritacarne e Affini riparte da Andrea Salati Chiodini. che torna a ricoprire il ruolo di presidente fino al 2023. L\u2019attuale presidente di Assofoodtec, Andrea Salati Chiodini, ricoprir\u00e0 anche il ruolo di presidente all\u2019interno del gruppo Affettatrici, Tritacarne e Affini fino al 2023. Il comparto fa parte [&hellip;]\" \/>\n<meta property=\"og:url\" content=\"https:\/\/test.cfdfeaservice.it\/index.php\/2021\/06\/15\/assofoodtec-il-gruppo-dedicato-a-tritacarne-e-affettatrici-riparte-da-andrea-salati\/\" \/>\n<meta property=\"og:site_name\" content=\"CFD FEA\/FEM Service\" \/>\n<meta property=\"article:publisher\" content=\"https:\/\/www.facebook.com\/cfdfeaservice\" \/>\n<meta property=\"article:published_time\" content=\"2021-06-15T01:06:55+00:00\" \/>\n<meta property=\"og:image\" content=\"https:\/\/www.ilprogettistaindustriale.it\/files\/2021\/06\/Andrea-Salati-Chiodini_foto-Login.jpg\" \/>\n<meta name=\"twitter:card\" content=\"summary\" \/>\n<script type=\"application\/ld+json\" class=\"yoast-schema-graph\">{\"@context\":\"https:\/\/schema.org\",\"@graph\":[{\"@type\":\"Organization\",\"@id\":\"https:\/\/test.cfdfeaservice.it\/#organization\",\"name\":\"CFD FEA SERVICE SRL\",\"url\":\"https:\/\/test.cfdfeaservice.it\/\",\"sameAs\":[\"https:\/\/www.facebook.com\/cfdfeaservice\",\"https:\/\/www.linkedin.com\/company\/11421185\/\",\"https:\/\/www.youtube.com\/channel\/UCr2h1DbpsNDKJSBAgeWMbfA\"],\"logo\":{\"@type\":\"ImageObject\",\"@id\":\"https:\/\/test.cfdfeaservice.it\/#logo\",\"inLanguage\":\"en-GB\",\"url\":\"https:\/\/i2.wp.com\/test.cfdfeaservice.it\/wp-content\/uploads\/2018\/07\/CFD-FEA-SERVICE-Compact.png?fit=677%2C178&ssl=1\",\"width\":677,\"height\":178,\"caption\":\"CFD FEA SERVICE SRL\"},\"image\":{\"@id\":\"https:\/\/test.cfdfeaservice.it\/#logo\"}},{\"@type\":\"WebSite\",\"@id\":\"https:\/\/test.cfdfeaservice.it\/#website\",\"url\":\"https:\/\/test.cfdfeaservice.it\/\",\"name\":\"CFD FEA\/FEM Service\",\"description\":\"Servizi di ingegneria 4.0\",\"publisher\":{\"@id\":\"https:\/\/test.cfdfeaservice.it\/#organization\"},\"potentialAction\":[{\"@type\":\"SearchAction\",\"target\":\"https:\/\/test.cfdfeaservice.it\/?s={search_term_string}\",\"query-input\":\"required name=search_term_string\"}],\"inLanguage\":\"en-GB\"},{\"@type\":\"ImageObject\",\"@id\":\"https:\/\/test.cfdfeaservice.it\/index.php\/2021\/06\/15\/assofoodtec-il-gruppo-dedicato-a-tritacarne-e-affettatrici-riparte-da-andrea-salati\/#primaryimage\",\"inLanguage\":\"en-GB\",\"url\":\"https:\/\/i2.wp.com\/test.cfdfeaservice.it\/wp-content\/uploads\/2021\/06\/Andrea-Salati-Chiodini_foto-Login-scaled.jpg?fit=1707%2C2560&ssl=1\",\"width\":1707,\"height\":2560},{\"@type\":\"WebPage\",\"@id\":\"https:\/\/test.cfdfeaservice.it\/index.php\/2021\/06\/15\/assofoodtec-il-gruppo-dedicato-a-tritacarne-e-affettatrici-riparte-da-andrea-salati\/#webpage\",\"url\":\"https:\/\/test.cfdfeaservice.it\/index.php\/2021\/06\/15\/assofoodtec-il-gruppo-dedicato-a-tritacarne-e-affettatrici-riparte-da-andrea-salati\/\",\"name\":\"Assofoodtec, il gruppo dedicato a tritacarne e affettatrici riparte da Andrea Salati - CFD FEA\/FEM Service\",\"isPartOf\":{\"@id\":\"https:\/\/test.cfdfeaservice.it\/#website\"},\"primaryImageOfPage\":{\"@id\":\"https:\/\/test.cfdfeaservice.it\/index.php\/2021\/06\/15\/assofoodtec-il-gruppo-dedicato-a-tritacarne-e-affettatrici-riparte-da-andrea-salati\/#primaryimage\"},\"datePublished\":\"2021-06-15T01:06:55+00:00\",\"dateModified\":\"2021-06-15T01:06:55+00:00\",\"inLanguage\":\"en-GB\",\"potentialAction\":[{\"@type\":\"ReadAction\",\"target\":[\"https:\/\/test.cfdfeaservice.it\/index.php\/2021\/06\/15\/assofoodtec-il-gruppo-dedicato-a-tritacarne-e-affettatrici-riparte-da-andrea-salati\/\"]}]},{\"@type\":\"Article\",\"@id\":\"https:\/\/test.cfdfeaservice.it\/index.php\/2021\/06\/15\/assofoodtec-il-gruppo-dedicato-a-tritacarne-e-affettatrici-riparte-da-andrea-salati\/#article\",\"isPartOf\":{\"@id\":\"https:\/\/test.cfdfeaservice.it\/index.php\/2021\/06\/15\/assofoodtec-il-gruppo-dedicato-a-tritacarne-e-affettatrici-riparte-da-andrea-salati\/#webpage\"},\"author\":{\"@id\":\"https:\/\/test.cfdfeaservice.it\/#\/schema\/person\/c3b6ebdd7f80794fe6e6657f2f5335e7\"},\"headline\":\"Assofoodtec, il gruppo dedicato a tritacarne e affettatrici riparte da Andrea Salati\",\"datePublished\":\"2021-06-15T01:06:55+00:00\",\"dateModified\":\"2021-06-15T01:06:55+00:00\",\"mainEntityOfPage\":{\"@id\":\"https:\/\/test.cfdfeaservice.it\/index.php\/2021\/06\/15\/assofoodtec-il-gruppo-dedicato-a-tritacarne-e-affettatrici-riparte-da-andrea-salati\/#webpage\"},\"publisher\":{\"@id\":\"https:\/\/test.cfdfeaservice.it\/#organization\"},\"image\":{\"@id\":\"https:\/\/test.cfdfeaservice.it\/index.php\/2021\/06\/15\/assofoodtec-il-gruppo-dedicato-a-tritacarne-e-affettatrici-riparte-da-andrea-salati\/#primaryimage\"},\"articleSection\":\"Normativa\",\"inLanguage\":\"en-GB\"},{\"@type\":\"Person\",\"@id\":\"https:\/\/test.cfdfeaservice.it\/#\/schema\/person\/c3b6ebdd7f80794fe6e6657f2f5335e7\",\"name\":\"CFD FEA SERVICE\",\"image\":{\"@type\":\"ImageObject\",\"@id\":\"https:\/\/test.cfdfeaservice.it\/#personlogo\",\"inLanguage\":\"en-GB\",\"url\":\"https:\/\/secure.gravatar.com\/avatar\/a34dbcf675cd4152f1184664b3adcb72?s=96&d=mm&r=g\",\"caption\":\"CFD FEA SERVICE\"}}]}<\/script>\n<!-- \/ Yoast SEO plugin. -->","jetpack_shortlink":"https:\/\/wp.me\/p9JrPq-5il","jetpack_sharing_enabled":true,"_links":{"self":[{"href":"https:\/\/test.cfdfeaservice.it\/index.php\/wp-json\/wp\/v2\/posts\/20357"}],"collection":[{"href":"https:\/\/test.cfdfeaservice.it\/index.php\/wp-json\/wp\/v2\/posts"}],"about":[{"href":"https:\/\/test.cfdfeaservice.it\/index.php\/wp-json\/wp\/v2\/types\/post"}],"author":[{"embeddable":true,"href":"https:\/\/test.cfdfeaservice.it\/index.php\/wp-json\/wp\/v2\/users\/8"}],"replies":[{"embeddable":true,"href":"https:\/\/test.cfdfeaservice.it\/index.php\/wp-json\/wp\/v2\/comments?post=20357"}],"version-history":[{"count":0,"href":"https:\/\/test.cfdfeaservice.it\/index.php\/wp-json\/wp\/v2\/posts\/20357\/revisions"}],"wp:featuredmedia":[{"embeddable":true,"href":"https:\/\/test.cfdfeaservice.it\/index.php\/wp-json\/wp\/v2\/media\/20358"}],"wp:attachment":[{"href":"https:\/\/test.cfdfeaservice.it\/index.php\/wp-json\/wp\/v2\/media?parent=20357"}],"wp:term":[{"taxonomy":"category","embeddable":true,"href":"https:\/\/test.cfdfeaservice.it\/index.php\/wp-json\/wp\/v2\/categories?post=20357"},{"taxonomy":"post_tag","embeddable":true,"href":"https:\/\/test.cfdfeaservice.it\/index.php\/wp-json\/wp\/v2\/tags?post=20357"}],"curies":[{"name":"wp","href":"https:\/\/api.w.org\/{rel}","templated":true}]}}