{"id":20012,"date":"2021-01-20T21:47:08","date_gmt":"2021-01-20T20:47:08","guid":{"rendered":"https:\/\/test.cfdfeaservice.it\/index.php\/2021\/01\/20\/ermanno-lucci-nuovo-direttore-marketing-di-fervi\/"},"modified":"2021-01-20T21:47:08","modified_gmt":"2021-01-20T20:47:08","slug":"ermanno-lucci-nuovo-direttore-marketing-di-fervi","status":"publish","type":"post","link":"https:\/\/test.cfdfeaservice.it\/index.php\/2021\/01\/20\/ermanno-lucci-nuovo-direttore-marketing-di-fervi\/","title":{"rendered":"Ermanno Lucci nuovo direttore marketing di Fervi"},"content":{"rendered":"<div>\n<div style=\"margin: 5px 5% 10px 5%;\"><img loading=\"lazy\" src=\"https:\/\/i1.wp.com\/www.ilprogettistaindustriale.it\/files\/2021\/01\/f0df704e-3dc0-4756-9fd0-5b375a0493be.jpg?resize=750%2C500&#038;ssl=1\" width=\"750\" height=\"500\" title=\"Ermanno Lucci\" alt=\"Ermanno Lucci\" data-recalc-dims=\"1\"><\/div>\n<div>\n<p><em>Fervi (attrezzature professionali e prodotti per il mercato MRO), ha affidato il ruolo di direttore marketing a Ermanno Lucci, manager con una affermata carriera ultraventennale maturata in grandi aziende.\u00a0<\/em><\/p>\n<p>Strategie e operations per la valorizzazione del brand aziendale sui canali di riferimento: \u00e8 questo il mandato affidato a Ermanno Lucci, nuovo direttore marketing di <a href=\"https:\/\/www.fervi.com\/\" target=\"_blank\" rel=\"noopener noreferrer\">Fervi<\/a>. Il neo Marketing Director definir\u00e0 lo sviluppo dei piani marketing e comunicazione con l\u2019obiettivo di consolidare il posizionamento e la reputazione dell\u2019azienda attraverso l\u2019utilizzo integrato di strumenti tradizionali ed innovativi, con un focus specifico nel rafforzare la percezione del Brand sulle piattaforme digital grazie allo sviluppo di strategie dedicate.\u00a0Tra gli obiettivi di Lucci, inoltre, il compito di potenziare la comunicazione presso i rivenditori implementando azioni di trade marketing che tengano in considerazione sia le caratteristiche dei partner sia le specificit\u00e0 delle aree territoriali. La scelta di Fervi per la direzione dell\u2019area marketing e comunicazione risulta perfettamente in linea con gli obiettivi strategici prefissati che puntano a sostenere il significativo percorso di crescita che ha posizionato il Brand come uno dei principali riferimenti nelle attrezzature professionali, nei prodotti \u201cMRO\u201d e nel comparto dei Fai-da-Te. Classe 1971, nato in provincia di Arezzo, Ermanno Lucci si laurea in Scienze Statistiche ed Economiche all\u2019Universit\u00e0 degli studi di Firenze e, successivamente, consegue un Master in Marketing &amp; Business Communication ed un Master MBA in Gestione e Strategia d\u2019Impresa. Ermanno Lucci comincia la propria carriera professionale nel 1999 come responsabile marketing di Zucchetti Centro Sistemi S.p.A., azienda attiva nella realizzazione di soluzioni gestionali per le aziende.\u00a0Nel 2002 ricopre la carica di Marketing Manager di Datalogic Italia, protagonista d\u2019eccellenza nel mercato dell\u2019acquisizione automatica dei dati e nell\u2019automazione industriale.\u00a0\u00c8 il 2006 quando Lucci entra in Hager Group con il ruolo di Marketing Manager. Prima dell\u2019attuale posizione in Fervi, ha guidato le strategie di marketing in Hager Bocchiotti, realt\u00e0 di rilievo nel segmento della gestione e canalizzazione dell\u2019energia, della sicurezza e del comfort. <em>\u201cSono entusiasta di entrare a far parte del mondo Fervi. Approdare in un\u2019azienda cos\u00ec prestigiosa \u00e8 per me motivo di grande orgoglio. Inoltre, il fatto che si tratti di una realt\u00e0 particolarmente dinamica con trend di crescita notevoli \u00e8 per me motivo di ulteriore stimolo. La mia azione sar\u00e0 indirizzata ad accelerare ulteriormente la conoscenza della nostra piattaforma completa d\u2019offerta in tutti i segmenti, diretti e indiretti, nei quali siamo presenti\u201d<\/em>, ha dichiarato il neo Direttore Marketing Ermanno Lucci. <em>\u201cCon l\u2019arrivo di Ermanno Lucci siamo certi di aver individuato la figura ideale per guidare le strategie di marketing e comunicazione finalizzate a rafforzare ulteriormente il nostro posizionamento verso i mercati target. Per competenze ed esperienza\u00a0Ermanno riuscir\u00e0 a supportare efficacemente i nostri programmi ambiziosi che intendono confermare Fervi come una delle realt\u00e0 di riferimento pi\u00f9 dinamiche nel mercato MRO e nel segmento \u2018Do it yourself\u2019\u201d<\/em>, ha dichiarato Guido Greco, Direttore Generale di Fervi S.p.A.<\/p>\n<\/div>\n<p>L&#8217;articolo <a rel=\"nofollow\" href=\"https:\/\/www.ilprogettistaindustriale.it\/ermanno-lucci-nuovo-direttore-marketing-di-fervi\/\">Ermanno Lucci nuovo direttore marketing di Fervi<\/a> sembra essere il primo su <a rel=\"nofollow\" href=\"https:\/\/www.ilprogettistaindustriale.it\/\">Il Progettista Industriale<\/a>.<\/p>\n<\/div>\n<p><a href=\"https:\/\/www.ilprogettistaindustriale.it\/ermanno-lucci-nuovo-direttore-marketing-di-fervi\/?utm_source=rss&#038;utm_medium=rss&#038;utm_campaign=ermanno-lucci-nuovo-direttore-marketing-di-fervi\">Vai alla fonte.<\/a><\/p>\n<p>Autore: Redazione<\/p>\n<p class=\"wpematico_credit\"><small>Powered by <a href=\"http:\/\/www.wpematico.com\" target=\"_blank\" rel=\"noopener noreferrer\">WPeMatico<\/a><\/small><\/p>\n<p><strong>_________________________________<\/strong><\/p>\n<p><strong>CFD FEA Service SRL<\/strong> &egrave; una societ&agrave; di servizi che offre <em>consulenza<\/em> e <em>formazione<\/em> in ambito <strong>ingegneria<\/strong> e <strong>IT<\/strong>. Se questo post\/prodotto ti &egrave; piaciuto ti invitiamo a:<\/p>\n<ul>\n<li>visionare il nostro <a href=\"https:\/\/cfdfeaservice.it\/index.php\/blog\/\" target=\"_blank\" rel=\"noopener\">blog<\/a><\/li>\n<li>visionare i <a href=\"https:\/\/cfdfeaservice.it\/index.php\/prodotti\/\" target=\"_blank\" rel=\"noopener\">software<\/a> disponibili - anche per la formazione<\/li>\n<li>iscriverti alla nostra newsletter<\/li>\n<li>entrare in contatto con noi attraverso la <a href=\"https:\/\/cfdfeaservice.it\/#ribbon\" target=\"_blank\" rel=\"noopener\">pagina contatti<\/a><\/li>\n<\/ul>\n<p>Saremo lieti di seguire le tue richieste e fornire risposte alle tue domande.<\/p>","protected":false},"excerpt":{"rendered":"<p>Fervi (attrezzature professionali e prodotti per il mercato MRO), ha affidato il ruolo di direttore marketing a Ermanno Lucci, manager con una affermata carriera ultraventennale maturata in grandi aziende.\u00a0 Strategie e operations per la valorizzazione del brand aziendale sui canali di riferimento: \u00e8 questo il mandato affidato a Ermanno Lucci, [&hellip;]<\/p>\n","protected":false},"author":8,"featured_media":20013,"comment_status":"closed","ping_status":"closed","sticky":false,"template":"","format":"standard","meta":{"spay_email":""},"categories":[57],"tags":[],"jetpack_featured_media_url":"https:\/\/i0.wp.com\/test.cfdfeaservice.it\/wp-content\/uploads\/2021\/01\/f0df704e-3dc0-4756-9fd0-5b375a0493be.jpg?fit=1731%2C1154&ssl=1","yoast_head":"<!-- This site is optimized with the Yoast SEO plugin v15.1.1 - https:\/\/yoast.com\/wordpress\/plugins\/seo\/ -->\n<title>Ermanno Lucci nuovo direttore marketing di Fervi - CFD FEA\/FEM Service<\/title>\n<meta name=\"robots\" content=\"index, follow, max-snippet:-1, max-image-preview:large, max-video-preview:-1\" \/>\n<link rel=\"canonical\" href=\"https:\/\/test.cfdfeaservice.it\/index.php\/2021\/01\/20\/ermanno-lucci-nuovo-direttore-marketing-di-fervi\/\" \/>\n<meta property=\"og:locale\" content=\"en_GB\" \/>\n<meta property=\"og:type\" content=\"article\" \/>\n<meta property=\"og:title\" content=\"Ermanno Lucci nuovo direttore marketing di Fervi - CFD FEA\/FEM Service\" \/>\n<meta property=\"og:description\" content=\"Fervi (attrezzature professionali e prodotti per il mercato MRO), ha affidato il ruolo di direttore marketing a Ermanno Lucci, manager con una affermata carriera ultraventennale maturata in grandi aziende.\u00a0 Strategie e operations per la valorizzazione del brand aziendale sui canali di riferimento: \u00e8 questo il mandato affidato a Ermanno Lucci, [&hellip;]\" \/>\n<meta property=\"og:url\" content=\"https:\/\/test.cfdfeaservice.it\/index.php\/2021\/01\/20\/ermanno-lucci-nuovo-direttore-marketing-di-fervi\/\" \/>\n<meta property=\"og:site_name\" content=\"CFD FEA\/FEM Service\" \/>\n<meta property=\"article:publisher\" content=\"https:\/\/www.facebook.com\/cfdfeaservice\" \/>\n<meta property=\"article:published_time\" content=\"2021-01-20T20:47:08+00:00\" \/>\n<meta property=\"og:image\" content=\"https:\/\/www.ilprogettistaindustriale.it\/files\/2021\/01\/f0df704e-3dc0-4756-9fd0-5b375a0493be.jpg\" \/>\n<meta name=\"twitter:card\" content=\"summary\" \/>\n<script type=\"application\/ld+json\" class=\"yoast-schema-graph\">{\"@context\":\"https:\/\/schema.org\",\"@graph\":[{\"@type\":\"Organization\",\"@id\":\"https:\/\/test.cfdfeaservice.it\/#organization\",\"name\":\"CFD FEA SERVICE SRL\",\"url\":\"https:\/\/test.cfdfeaservice.it\/\",\"sameAs\":[\"https:\/\/www.facebook.com\/cfdfeaservice\",\"https:\/\/www.linkedin.com\/company\/11421185\/\",\"https:\/\/www.youtube.com\/channel\/UCr2h1DbpsNDKJSBAgeWMbfA\"],\"logo\":{\"@type\":\"ImageObject\",\"@id\":\"https:\/\/test.cfdfeaservice.it\/#logo\",\"inLanguage\":\"en-GB\",\"url\":\"https:\/\/i2.wp.com\/test.cfdfeaservice.it\/wp-content\/uploads\/2018\/07\/CFD-FEA-SERVICE-Compact.png?fit=677%2C178&ssl=1\",\"width\":677,\"height\":178,\"caption\":\"CFD FEA SERVICE SRL\"},\"image\":{\"@id\":\"https:\/\/test.cfdfeaservice.it\/#logo\"}},{\"@type\":\"WebSite\",\"@id\":\"https:\/\/test.cfdfeaservice.it\/#website\",\"url\":\"https:\/\/test.cfdfeaservice.it\/\",\"name\":\"CFD FEA\/FEM Service\",\"description\":\"Servizi di ingegneria 4.0\",\"publisher\":{\"@id\":\"https:\/\/test.cfdfeaservice.it\/#organization\"},\"potentialAction\":[{\"@type\":\"SearchAction\",\"target\":\"https:\/\/test.cfdfeaservice.it\/?s={search_term_string}\",\"query-input\":\"required name=search_term_string\"}],\"inLanguage\":\"en-GB\"},{\"@type\":\"ImageObject\",\"@id\":\"https:\/\/test.cfdfeaservice.it\/index.php\/2021\/01\/20\/ermanno-lucci-nuovo-direttore-marketing-di-fervi\/#primaryimage\",\"inLanguage\":\"en-GB\",\"url\":\"https:\/\/i0.wp.com\/test.cfdfeaservice.it\/wp-content\/uploads\/2021\/01\/f0df704e-3dc0-4756-9fd0-5b375a0493be.jpg?fit=1731%2C1154&ssl=1\",\"width\":1731,\"height\":1154},{\"@type\":\"WebPage\",\"@id\":\"https:\/\/test.cfdfeaservice.it\/index.php\/2021\/01\/20\/ermanno-lucci-nuovo-direttore-marketing-di-fervi\/#webpage\",\"url\":\"https:\/\/test.cfdfeaservice.it\/index.php\/2021\/01\/20\/ermanno-lucci-nuovo-direttore-marketing-di-fervi\/\",\"name\":\"Ermanno Lucci nuovo direttore marketing di Fervi - CFD FEA\/FEM Service\",\"isPartOf\":{\"@id\":\"https:\/\/test.cfdfeaservice.it\/#website\"},\"primaryImageOfPage\":{\"@id\":\"https:\/\/test.cfdfeaservice.it\/index.php\/2021\/01\/20\/ermanno-lucci-nuovo-direttore-marketing-di-fervi\/#primaryimage\"},\"datePublished\":\"2021-01-20T20:47:08+00:00\",\"dateModified\":\"2021-01-20T20:47:08+00:00\",\"inLanguage\":\"en-GB\",\"potentialAction\":[{\"@type\":\"ReadAction\",\"target\":[\"https:\/\/test.cfdfeaservice.it\/index.php\/2021\/01\/20\/ermanno-lucci-nuovo-direttore-marketing-di-fervi\/\"]}]},{\"@type\":\"Article\",\"@id\":\"https:\/\/test.cfdfeaservice.it\/index.php\/2021\/01\/20\/ermanno-lucci-nuovo-direttore-marketing-di-fervi\/#article\",\"isPartOf\":{\"@id\":\"https:\/\/test.cfdfeaservice.it\/index.php\/2021\/01\/20\/ermanno-lucci-nuovo-direttore-marketing-di-fervi\/#webpage\"},\"author\":{\"@id\":\"https:\/\/test.cfdfeaservice.it\/#\/schema\/person\/c3b6ebdd7f80794fe6e6657f2f5335e7\"},\"headline\":\"Ermanno Lucci nuovo direttore marketing di Fervi\",\"datePublished\":\"2021-01-20T20:47:08+00:00\",\"dateModified\":\"2021-01-20T20:47:08+00:00\",\"mainEntityOfPage\":{\"@id\":\"https:\/\/test.cfdfeaservice.it\/index.php\/2021\/01\/20\/ermanno-lucci-nuovo-direttore-marketing-di-fervi\/#webpage\"},\"publisher\":{\"@id\":\"https:\/\/test.cfdfeaservice.it\/#organization\"},\"image\":{\"@id\":\"https:\/\/test.cfdfeaservice.it\/index.php\/2021\/01\/20\/ermanno-lucci-nuovo-direttore-marketing-di-fervi\/#primaryimage\"},\"articleSection\":\"Normativa\",\"inLanguage\":\"en-GB\"},{\"@type\":\"Person\",\"@id\":\"https:\/\/test.cfdfeaservice.it\/#\/schema\/person\/c3b6ebdd7f80794fe6e6657f2f5335e7\",\"name\":\"CFD FEA SERVICE\",\"image\":{\"@type\":\"ImageObject\",\"@id\":\"https:\/\/test.cfdfeaservice.it\/#personlogo\",\"inLanguage\":\"en-GB\",\"url\":\"https:\/\/secure.gravatar.com\/avatar\/a34dbcf675cd4152f1184664b3adcb72?s=96&d=mm&r=g\",\"caption\":\"CFD FEA SERVICE\"}}]}<\/script>\n<!-- \/ Yoast SEO plugin. -->","jetpack_shortlink":"https:\/\/wp.me\/p9JrPq-5cM","jetpack_sharing_enabled":true,"_links":{"self":[{"href":"https:\/\/test.cfdfeaservice.it\/index.php\/wp-json\/wp\/v2\/posts\/20012"}],"collection":[{"href":"https:\/\/test.cfdfeaservice.it\/index.php\/wp-json\/wp\/v2\/posts"}],"about":[{"href":"https:\/\/test.cfdfeaservice.it\/index.php\/wp-json\/wp\/v2\/types\/post"}],"author":[{"embeddable":true,"href":"https:\/\/test.cfdfeaservice.it\/index.php\/wp-json\/wp\/v2\/users\/8"}],"replies":[{"embeddable":true,"href":"https:\/\/test.cfdfeaservice.it\/index.php\/wp-json\/wp\/v2\/comments?post=20012"}],"version-history":[{"count":0,"href":"https:\/\/test.cfdfeaservice.it\/index.php\/wp-json\/wp\/v2\/posts\/20012\/revisions"}],"wp:featuredmedia":[{"embeddable":true,"href":"https:\/\/test.cfdfeaservice.it\/index.php\/wp-json\/wp\/v2\/media\/20013"}],"wp:attachment":[{"href":"https:\/\/test.cfdfeaservice.it\/index.php\/wp-json\/wp\/v2\/media?parent=20012"}],"wp:term":[{"taxonomy":"category","embeddable":true,"href":"https:\/\/test.cfdfeaservice.it\/index.php\/wp-json\/wp\/v2\/categories?post=20012"},{"taxonomy":"post_tag","embeddable":true,"href":"https:\/\/test.cfdfeaservice.it\/index.php\/wp-json\/wp\/v2\/tags?post=20012"}],"curies":[{"name":"wp","href":"https:\/\/api.w.org\/{rel}","templated":true}]}}