{"id":20003,"date":"2021-01-15T08:43:38","date_gmt":"2021-01-15T07:43:38","guid":{"rendered":"https:\/\/test.cfdfeaservice.it\/index.php\/2021\/01\/15\/rickard-gustafson-presidente-e-ceo-di-skf\/"},"modified":"2021-01-15T08:43:38","modified_gmt":"2021-01-15T07:43:38","slug":"rickard-gustafson-presidente-e-ceo-di-skf","status":"publish","type":"post","link":"https:\/\/test.cfdfeaservice.it\/index.php\/2021\/01\/15\/rickard-gustafson-presidente-e-ceo-di-skf\/","title":{"rendered":"Rickard Gustafson presidente e CEO di SKF"},"content":{"rendered":"<div>\n<div style=\"margin: 5px 5% 10px 5%;\"><img loading=\"lazy\" src=\"https:\/\/i0.wp.com\/www.ilprogettistaindustriale.it\/files\/2021\/01\/Rickard-Gustafson-nominato-Presidente-e-CEO-del-Gruppo-SKF.jpeg?resize=750%2C563&#038;ssl=1\" width=\"750\" height=\"563\" title=\"Rickard Gustafson\" alt=\"Rickard Gustafson\" data-recalc-dims=\"1\"><\/div>\n<div>\n<p>Il Consiglio di Amministrazione di <a href=\"https:\/\/www.skf.com\/group\" target=\"_blank\" rel=\"noopener noreferrer\">AB SKF<\/a> ha nominato Rickard Gustafson nuovo Presidente e CEO. Rickard Gustafson, che prender\u00e0 il posto di Alrik Danielson e si unir\u00e0 a SKF durante la prima met\u00e0 del 2021, \u00e8 attualmente Presidente e CEO del Gruppo SAS. Prima di entrare in SAS dieci anni fa, Rickard Gustafson \u00e8 stato CEO della compagnia assicurativa Codan\/Trygg Hansa e ha ricoperto varie posizioni in General Electric. Inoltre, ha conseguito un Master of Science presso l\u2019Institute of Technology dell\u2019Universit\u00e0 di Link\u00f6ping, Svezia. Hans Str\u00e5berg, Presidente del Consiglio di Amministrazione di AB SKF, ha cos\u00ec commentato: \u201cDopo un accurato e attento processo di selezione, siamo molto lieti che Rickard Gustafson abbia accettato di unirsi a SKF. La sua leadership forte e moderna, unita alla vasta esperienza internazionale e all\u2019entusiasmo di entrare a far parte di SKF, lo rendono la persona giusta per guidare con continuit\u00e0 l\u2019attuale strategia e far crescere ulteriormente l\u2019azienda\u201d. Rickard Gustafson, ha dichiarato: \u201cSono entusiasta e grato dell\u2019opportunit\u00e0 di entrare a far parte di SKF, un\u2019azienda con una reputazione eccellente nel settore. L\u2019orientamento strategico di SKF \u00e8 chiaramente definito e io sono pronto a impegnarmi insieme all\u2019organizzazione per accelerare ulteriormente il processo finalizzato ad avvicinare ancora di pi\u00f9 l\u2019azienda ai clienti e rendere il business sempre pi\u00f9 innovativo, efficiente e sostenibile\u201d. Hans Str\u00e5berg, ha aggiunto: \u201cIl Consiglio di Amministrazione desidera ringraziare Alrik Danielson per il suo importante contributo allo sviluppo di SKF durante la sua carica di Presidente e CEO\u201d.<\/p>\n<\/div>\n<p>L&#8217;articolo <a rel=\"nofollow\" href=\"https:\/\/www.ilprogettistaindustriale.it\/rickard-gustafson-presidente-e-ceo-di-skf\/\">Rickard Gustafson presidente e CEO di SKF<\/a> sembra essere il primo su <a rel=\"nofollow\" href=\"https:\/\/www.ilprogettistaindustriale.it\/\">Il Progettista Industriale<\/a>.<\/p>\n<\/div>\n<p><a href=\"https:\/\/www.ilprogettistaindustriale.it\/rickard-gustafson-presidente-e-ceo-di-skf\/?utm_source=rss&#038;utm_medium=rss&#038;utm_campaign=rickard-gustafson-presidente-e-ceo-di-skf\">Vai alla fonte.<\/a><\/p>\n<p>Autore: Redazione<\/p>\n<p class=\"wpematico_credit\"><small>Powered by <a href=\"http:\/\/www.wpematico.com\" target=\"_blank\" rel=\"noopener noreferrer\">WPeMatico<\/a><\/small><\/p>\n<p><strong>_________________________________<\/strong><\/p>\n<p><strong>CFD FEA Service SRL<\/strong> &egrave; una societ&agrave; di servizi che offre <em>consulenza<\/em> e <em>formazione<\/em> in ambito <strong>ingegneria<\/strong> e <strong>IT<\/strong>. Se questo post\/prodotto ti &egrave; piaciuto ti invitiamo a:<\/p>\n<ul>\n<li>visionare il nostro <a href=\"https:\/\/cfdfeaservice.it\/index.php\/blog\/\" target=\"_blank\" rel=\"noopener\">blog<\/a><\/li>\n<li>visionare i <a href=\"https:\/\/cfdfeaservice.it\/index.php\/prodotti\/\" target=\"_blank\" rel=\"noopener\">software<\/a> disponibili - anche per la formazione<\/li>\n<li>iscriverti alla nostra newsletter<\/li>\n<li>entrare in contatto con noi attraverso la <a href=\"https:\/\/cfdfeaservice.it\/#ribbon\" target=\"_blank\" rel=\"noopener\">pagina contatti<\/a><\/li>\n<\/ul>\n<p>Saremo lieti di seguire le tue richieste e fornire risposte alle tue domande.<\/p>","protected":false},"excerpt":{"rendered":"<p>Il Consiglio di Amministrazione di AB SKF ha nominato Rickard Gustafson nuovo Presidente e CEO. Rickard Gustafson, che prender\u00e0 il posto di Alrik Danielson e si unir\u00e0 a SKF durante la prima met\u00e0 del 2021, \u00e8 attualmente Presidente e CEO del Gruppo SAS. Prima di entrare in SAS dieci anni [&hellip;]<\/p>\n","protected":false},"author":8,"featured_media":0,"comment_status":"closed","ping_status":"closed","sticky":false,"template":"","format":"standard","meta":{"spay_email":""},"categories":[57],"tags":[],"jetpack_featured_media_url":"","yoast_head":"<!-- This site is optimized with the Yoast SEO plugin v15.1.1 - https:\/\/yoast.com\/wordpress\/plugins\/seo\/ -->\n<title>Rickard Gustafson presidente e CEO di SKF - CFD FEA\/FEM Service<\/title>\n<meta name=\"robots\" content=\"index, follow, max-snippet:-1, max-image-preview:large, max-video-preview:-1\" \/>\n<link rel=\"canonical\" href=\"https:\/\/test.cfdfeaservice.it\/index.php\/2021\/01\/15\/rickard-gustafson-presidente-e-ceo-di-skf\/\" \/>\n<meta property=\"og:locale\" content=\"en_GB\" \/>\n<meta property=\"og:type\" content=\"article\" \/>\n<meta property=\"og:title\" content=\"Rickard Gustafson presidente e CEO di SKF - CFD FEA\/FEM Service\" \/>\n<meta property=\"og:description\" content=\"Il Consiglio di Amministrazione di AB SKF ha nominato Rickard Gustafson nuovo Presidente e CEO. Rickard Gustafson, che prender\u00e0 il posto di Alrik Danielson e si unir\u00e0 a SKF durante la prima met\u00e0 del 2021, \u00e8 attualmente Presidente e CEO del Gruppo SAS. Prima di entrare in SAS dieci anni [&hellip;]\" \/>\n<meta property=\"og:url\" content=\"https:\/\/test.cfdfeaservice.it\/index.php\/2021\/01\/15\/rickard-gustafson-presidente-e-ceo-di-skf\/\" \/>\n<meta property=\"og:site_name\" content=\"CFD FEA\/FEM Service\" \/>\n<meta property=\"article:publisher\" content=\"https:\/\/www.facebook.com\/cfdfeaservice\" \/>\n<meta property=\"article:published_time\" content=\"2021-01-15T07:43:38+00:00\" \/>\n<meta property=\"og:image\" content=\"https:\/\/www.ilprogettistaindustriale.it\/files\/2021\/01\/Rickard-Gustafson-nominato-Presidente-e-CEO-del-Gruppo-SKF.jpeg\" \/>\n<meta name=\"twitter:card\" content=\"summary\" \/>\n<script type=\"application\/ld+json\" class=\"yoast-schema-graph\">{\"@context\":\"https:\/\/schema.org\",\"@graph\":[{\"@type\":\"Organization\",\"@id\":\"https:\/\/test.cfdfeaservice.it\/#organization\",\"name\":\"CFD FEA SERVICE SRL\",\"url\":\"https:\/\/test.cfdfeaservice.it\/\",\"sameAs\":[\"https:\/\/www.facebook.com\/cfdfeaservice\",\"https:\/\/www.linkedin.com\/company\/11421185\/\",\"https:\/\/www.youtube.com\/channel\/UCr2h1DbpsNDKJSBAgeWMbfA\"],\"logo\":{\"@type\":\"ImageObject\",\"@id\":\"https:\/\/test.cfdfeaservice.it\/#logo\",\"inLanguage\":\"en-GB\",\"url\":\"https:\/\/i2.wp.com\/test.cfdfeaservice.it\/wp-content\/uploads\/2018\/07\/CFD-FEA-SERVICE-Compact.png?fit=677%2C178&ssl=1\",\"width\":677,\"height\":178,\"caption\":\"CFD FEA SERVICE SRL\"},\"image\":{\"@id\":\"https:\/\/test.cfdfeaservice.it\/#logo\"}},{\"@type\":\"WebSite\",\"@id\":\"https:\/\/test.cfdfeaservice.it\/#website\",\"url\":\"https:\/\/test.cfdfeaservice.it\/\",\"name\":\"CFD FEA\/FEM Service\",\"description\":\"Servizi di ingegneria 4.0\",\"publisher\":{\"@id\":\"https:\/\/test.cfdfeaservice.it\/#organization\"},\"potentialAction\":[{\"@type\":\"SearchAction\",\"target\":\"https:\/\/test.cfdfeaservice.it\/?s={search_term_string}\",\"query-input\":\"required name=search_term_string\"}],\"inLanguage\":\"en-GB\"},{\"@type\":\"ImageObject\",\"@id\":\"https:\/\/test.cfdfeaservice.it\/index.php\/2021\/01\/15\/rickard-gustafson-presidente-e-ceo-di-skf\/#primaryimage\",\"inLanguage\":\"en-GB\",\"url\":\"https:\/\/www.ilprogettistaindustriale.it\/files\/2021\/01\/Rickard-Gustafson-nominato-Presidente-e-CEO-del-Gruppo-SKF.jpeg\"},{\"@type\":\"WebPage\",\"@id\":\"https:\/\/test.cfdfeaservice.it\/index.php\/2021\/01\/15\/rickard-gustafson-presidente-e-ceo-di-skf\/#webpage\",\"url\":\"https:\/\/test.cfdfeaservice.it\/index.php\/2021\/01\/15\/rickard-gustafson-presidente-e-ceo-di-skf\/\",\"name\":\"Rickard Gustafson presidente e CEO di SKF - CFD FEA\/FEM Service\",\"isPartOf\":{\"@id\":\"https:\/\/test.cfdfeaservice.it\/#website\"},\"primaryImageOfPage\":{\"@id\":\"https:\/\/test.cfdfeaservice.it\/index.php\/2021\/01\/15\/rickard-gustafson-presidente-e-ceo-di-skf\/#primaryimage\"},\"datePublished\":\"2021-01-15T07:43:38+00:00\",\"dateModified\":\"2021-01-15T07:43:38+00:00\",\"inLanguage\":\"en-GB\",\"potentialAction\":[{\"@type\":\"ReadAction\",\"target\":[\"https:\/\/test.cfdfeaservice.it\/index.php\/2021\/01\/15\/rickard-gustafson-presidente-e-ceo-di-skf\/\"]}]},{\"@type\":\"Article\",\"@id\":\"https:\/\/test.cfdfeaservice.it\/index.php\/2021\/01\/15\/rickard-gustafson-presidente-e-ceo-di-skf\/#article\",\"isPartOf\":{\"@id\":\"https:\/\/test.cfdfeaservice.it\/index.php\/2021\/01\/15\/rickard-gustafson-presidente-e-ceo-di-skf\/#webpage\"},\"author\":{\"@id\":\"https:\/\/test.cfdfeaservice.it\/#\/schema\/person\/c3b6ebdd7f80794fe6e6657f2f5335e7\"},\"headline\":\"Rickard Gustafson presidente e CEO di SKF\",\"datePublished\":\"2021-01-15T07:43:38+00:00\",\"dateModified\":\"2021-01-15T07:43:38+00:00\",\"mainEntityOfPage\":{\"@id\":\"https:\/\/test.cfdfeaservice.it\/index.php\/2021\/01\/15\/rickard-gustafson-presidente-e-ceo-di-skf\/#webpage\"},\"publisher\":{\"@id\":\"https:\/\/test.cfdfeaservice.it\/#organization\"},\"image\":{\"@id\":\"https:\/\/test.cfdfeaservice.it\/index.php\/2021\/01\/15\/rickard-gustafson-presidente-e-ceo-di-skf\/#primaryimage\"},\"articleSection\":\"Normativa\",\"inLanguage\":\"en-GB\"},{\"@type\":\"Person\",\"@id\":\"https:\/\/test.cfdfeaservice.it\/#\/schema\/person\/c3b6ebdd7f80794fe6e6657f2f5335e7\",\"name\":\"CFD FEA SERVICE\",\"image\":{\"@type\":\"ImageObject\",\"@id\":\"https:\/\/test.cfdfeaservice.it\/#personlogo\",\"inLanguage\":\"en-GB\",\"url\":\"https:\/\/secure.gravatar.com\/avatar\/a34dbcf675cd4152f1184664b3adcb72?s=96&d=mm&r=g\",\"caption\":\"CFD FEA SERVICE\"}}]}<\/script>\n<!-- \/ Yoast SEO plugin. -->","jetpack_shortlink":"https:\/\/wp.me\/p9JrPq-5cD","jetpack_sharing_enabled":true,"_links":{"self":[{"href":"https:\/\/test.cfdfeaservice.it\/index.php\/wp-json\/wp\/v2\/posts\/20003"}],"collection":[{"href":"https:\/\/test.cfdfeaservice.it\/index.php\/wp-json\/wp\/v2\/posts"}],"about":[{"href":"https:\/\/test.cfdfeaservice.it\/index.php\/wp-json\/wp\/v2\/types\/post"}],"author":[{"embeddable":true,"href":"https:\/\/test.cfdfeaservice.it\/index.php\/wp-json\/wp\/v2\/users\/8"}],"replies":[{"embeddable":true,"href":"https:\/\/test.cfdfeaservice.it\/index.php\/wp-json\/wp\/v2\/comments?post=20003"}],"version-history":[{"count":0,"href":"https:\/\/test.cfdfeaservice.it\/index.php\/wp-json\/wp\/v2\/posts\/20003\/revisions"}],"wp:attachment":[{"href":"https:\/\/test.cfdfeaservice.it\/index.php\/wp-json\/wp\/v2\/media?parent=20003"}],"wp:term":[{"taxonomy":"category","embeddable":true,"href":"https:\/\/test.cfdfeaservice.it\/index.php\/wp-json\/wp\/v2\/categories?post=20003"},{"taxonomy":"post_tag","embeddable":true,"href":"https:\/\/test.cfdfeaservice.it\/index.php\/wp-json\/wp\/v2\/tags?post=20003"}],"curies":[{"name":"wp","href":"https:\/\/api.w.org\/{rel}","templated":true}]}}