{"id":19849,"date":"2020-10-07T03:01:25","date_gmt":"2020-10-07T01:01:25","guid":{"rendered":"https:\/\/cfdfeaservice.it\/index.php\/2020\/10\/07\/gli-eventi-2020-organizzati-dalla-commissione-infrastrutture-e-trasporti\/"},"modified":"2020-10-07T03:01:25","modified_gmt":"2020-10-07T01:01:25","slug":"gli-eventi-2020-organizzati-dalla-commissione-infrastrutture-e-trasporti","status":"publish","type":"post","link":"https:\/\/test.cfdfeaservice.it\/index.php\/2020\/10\/07\/gli-eventi-2020-organizzati-dalla-commissione-infrastrutture-e-trasporti\/","title":{"rendered":"Gli eventi 2020 organizzati dalla Commissione Infrastrutture e Trasporti"},"content":{"rendered":"<div>\n<p>La Commissione Infrastrutture e Trasporti dell\u2019Ordine degli Ingegneri di Bologna durante il 2020 ha organizzato diversi eventi dedicati ai temi della <strong>mobilit\u00e0 sostenibile<\/strong>, delle <strong>infrastrutture<\/strong>, dei <strong>trasporti<\/strong> e dell\u2019<strong>accessibilit\u00e0<\/strong> con il coinvolgimento di numerosi esperti, istituzioni e aziende del territorio.<\/p>\n<p>L\u2019obiettivo principale \u00e8 stato quello di fornire a tutti gli iscritti dell\u2019Ordine un continuo aggiornamento in merito alle normative di settore, approfondendo nello specifico le novit\u00e0 e le direttive regionali attraverso dibattiti, webinar, tavole rotonde e convegni.<\/p>\n<p>Di seguito l\u2019elenco degli eventi 2020 organizzati e promossi dalla Commissione Infrastrutture e Trasporti dell\u2019OIBO:<\/p>\n<ul>\n<li>\u201c<em><strong>INTERCONNECT \u2013 Scientific coffee. Incontro tematico sull\u2019accessibilit\u00e0 e l\u2019integrazione del trasporto pubblico<\/strong><\/em>\u201c. L\u2019incontro tecnico che si \u00e8 svolto nel mese di Febbraio ha approfondito il tema \u201cCatene di trasporto pubblico innovative in Emilia-Romagna. Si pu\u00f2 semplificare la vendita dei biglietti e l\u2019accesso ai mezzi?\u201d. <a href=\"https:\/\/www.ordingbo.it\/wp-content\/uploads\/2020\/10\/Scientific-coffee.pdf\" target=\"_blank\" rel=\"noopener noreferrer\">SCARICA LA LOCANDINA<\/a><\/li>\n<li>\u201c<em><strong>BikER OnLine: ripensare alla mobilit\u00e0 in Emilia-Romagna per la salute pubblica<\/strong><\/em>\u201c. Nel webinar, presentato a maggio, sono state discusse le strategie di salute pubblica connesse alla mobilit\u00e0 sostenibile: servizi bici dell\u2019Emilia-Romagna, strategie per la mobilit\u00e0 intermodale, l\u2019uso degli spazi pubblici, la fruizione dei percorsi, i servizi di mobilit\u00e0 e mobility management nel welfare aziendale. <a href=\"https:\/\/www.ordingbo.it\/wp-content\/uploads\/2020\/10\/FormazioneBikER-DEFINITIVO1.pdf\" target=\"_blank\" rel=\"noopener noreferrer\">SCARICA LA LOCANDINA<\/a><\/li>\n<li>\u201c<strong><em>Mobilit\u00e0 sostenibile nel post-Lockdown: prospettive e opportunit\u00e0<\/em><\/strong>\u201c. Il convegno online, organizzato nell\u2019ambito della 12\u00b0 edizione di IT.A.C\u00c1 \u2013 Festival del Turismo Sostenibile (giugno 2020), ha approfondito il tema del turismo sostenibile, che con l\u2019ausilio di una mobilit\u00e0 accessibile ed equa pu\u00f2 diventare lo strumento per il superamento delle disequit\u00e0 e delle separazioni etnico sociali. <a href=\"https:\/\/www.ordingbo.it\/wp-content\/uploads\/2020\/10\/Mobilitasostenibilepostlockdown9giugno2.pdf\" target=\"_blank\" rel=\"noopener noreferrer\">SCARICA LA LOCANDINA<\/a><\/li>\n<li>\u201c<em><strong>Il ruolo del trasporto a chiamata per l\u2019accessibilit\u00e0 del territorio<\/strong><\/em>\u201c. Il webinar, organizzato a luglio, ha analizzato le linee d\u2019azione e i progetti innovativi della Regione Emilia Romagna nel trasporto pubblico e nel trasporto a chiamata. <a href=\"https:\/\/www.ordingbo.it\/wp-content\/uploads\/2020\/10\/LTG-training-Bologna_Agenda_Finale_16luglio.pdf\" target=\"_blank\" rel=\"noopener noreferrer\">SCARICA LA LOCANDINA<\/a><\/li>\n<li>\u201c<em><strong>Mondiale di Ciclismo ad Imola: opportunit\u00e0 per la mobilit\u00e0 sostenibile e la valorizzazione del territorio<\/strong><\/em>\u201c. Il convegno \u00e8 stato presentato in occasione dell\u2019European Mobility Week di settembre all\u2019Autodromo Enzo Dino Ferrari di Imola. <a href=\"https:\/\/www.ordingbo.it\/wp-content\/uploads\/2020\/10\/CICLISMO-IMOLA_22.09.pdf\" target=\"_blank\" rel=\"noopener noreferrer\">SCARICA LA LOCANDINA<\/a><\/li>\n<\/ul>\n<p>L&#8217;articolo <a rel=\"nofollow\" href=\"https:\/\/www.ordingbo.it\/2020\/10\/06\/gli-eventi-2020-organizzati-dalla-commissione-infrastrutture-e-trasporti\/\">Gli eventi 2020 organizzati dalla Commissione Infrastrutture e Trasporti<\/a> sembra essere il primo su <a rel=\"nofollow\" href=\"https:\/\/www.ordingbo.it\/\">Ordine degli Ingegneri della Provincia di Bologna<\/a>.<\/p>\n<\/div>\n<p><a href=\"https:\/\/www.ordingbo.it\/2020\/10\/06\/gli-eventi-2020-organizzati-dalla-commissione-infrastrutture-e-trasporti\/\">Vai alla fonte.<\/a><\/p>\n<p>Autore: Redazione<\/p>\n<p class=\"wpematico_credit\"><small>Powered by <a href=\"http:\/\/www.wpematico.com\" target=\"_blank\" rel=\"noopener noreferrer\">WPeMatico<\/a><\/small><\/p>\n<p><strong>_________________________________<\/strong><\/p>\n<p><strong>CFD FEA Service SRL<\/strong> &egrave; una societ&agrave; di servizi che offre <em>consulenza<\/em> e <em>formazione<\/em> in ambito <strong>ingegneria<\/strong> e <strong>IT<\/strong>. Se questo post\/prodotto ti &egrave; piaciuto ti invitiamo a:<\/p>\n<ul>\n<li>visionare il nostro <a href=\"https:\/\/cfdfeaservice.it\/index.php\/blog\/\" target=\"_blank\" rel=\"noopener\">blog<\/a><\/li>\n<li>visionare i <a href=\"https:\/\/cfdfeaservice.it\/index.php\/prodotti\/\" target=\"_blank\" rel=\"noopener\">software<\/a> disponibili - anche per la formazione<\/li>\n<li>iscriverti alla nostra newsletter<\/li>\n<li>entrare in contatto con noi attraverso la <a href=\"https:\/\/cfdfeaservice.it\/#ribbon\" target=\"_blank\" rel=\"noopener\">pagina contatti<\/a><\/li>\n<\/ul>\n<p>Saremo lieti di seguire le tue richieste e fornire risposte alle tue domande.<\/p>","protected":false},"excerpt":{"rendered":"<p>La Commissione Infrastrutture e Trasporti dell\u2019Ordine degli Ingegneri di Bologna durante il 2020 ha organizzato diversi eventi dedicati ai temi della mobilit\u00e0 sostenibile, delle infrastrutture, dei trasporti e dell\u2019accessibilit\u00e0 con il coinvolgimento di numerosi esperti, istituzioni e aziende del territorio. L\u2019obiettivo principale \u00e8 stato quello di fornire a tutti gli [&hellip;]<\/p>\n","protected":false},"author":8,"featured_media":0,"comment_status":"closed","ping_status":"closed","sticky":false,"template":"","format":"standard","meta":{"spay_email":""},"categories":[56],"tags":[],"jetpack_featured_media_url":"","yoast_head":"<!-- This site is optimized with the Yoast SEO plugin v15.1.1 - https:\/\/yoast.com\/wordpress\/plugins\/seo\/ -->\n<title>Gli eventi 2020 organizzati dalla Commissione Infrastrutture e Trasporti - CFD FEA\/FEM Service<\/title>\n<meta name=\"robots\" content=\"index, follow, max-snippet:-1, max-image-preview:large, max-video-preview:-1\" \/>\n<link rel=\"canonical\" href=\"https:\/\/test.cfdfeaservice.it\/index.php\/2020\/10\/07\/gli-eventi-2020-organizzati-dalla-commissione-infrastrutture-e-trasporti\/\" \/>\n<meta property=\"og:locale\" content=\"en_GB\" \/>\n<meta property=\"og:type\" content=\"article\" \/>\n<meta property=\"og:title\" content=\"Gli eventi 2020 organizzati dalla Commissione Infrastrutture e Trasporti - CFD FEA\/FEM Service\" \/>\n<meta property=\"og:description\" content=\"La Commissione Infrastrutture e Trasporti dell\u2019Ordine degli Ingegneri di Bologna durante il 2020 ha organizzato diversi eventi dedicati ai temi della mobilit\u00e0 sostenibile, delle infrastrutture, dei trasporti e dell\u2019accessibilit\u00e0 con il coinvolgimento di numerosi esperti, istituzioni e aziende del territorio. L\u2019obiettivo principale \u00e8 stato quello di fornire a tutti gli [&hellip;]\" \/>\n<meta property=\"og:url\" content=\"https:\/\/test.cfdfeaservice.it\/index.php\/2020\/10\/07\/gli-eventi-2020-organizzati-dalla-commissione-infrastrutture-e-trasporti\/\" \/>\n<meta property=\"og:site_name\" content=\"CFD FEA\/FEM Service\" \/>\n<meta property=\"article:publisher\" content=\"https:\/\/www.facebook.com\/cfdfeaservice\" \/>\n<meta property=\"article:published_time\" content=\"2020-10-07T01:01:25+00:00\" \/>\n<meta name=\"twitter:card\" content=\"summary\" \/>\n<script type=\"application\/ld+json\" class=\"yoast-schema-graph\">{\"@context\":\"https:\/\/schema.org\",\"@graph\":[{\"@type\":\"Organization\",\"@id\":\"https:\/\/test.cfdfeaservice.it\/#organization\",\"name\":\"CFD FEA SERVICE SRL\",\"url\":\"https:\/\/test.cfdfeaservice.it\/\",\"sameAs\":[\"https:\/\/www.facebook.com\/cfdfeaservice\",\"https:\/\/www.linkedin.com\/company\/11421185\/\",\"https:\/\/www.youtube.com\/channel\/UCr2h1DbpsNDKJSBAgeWMbfA\"],\"logo\":{\"@type\":\"ImageObject\",\"@id\":\"https:\/\/test.cfdfeaservice.it\/#logo\",\"inLanguage\":\"en-GB\",\"url\":\"https:\/\/i2.wp.com\/test.cfdfeaservice.it\/wp-content\/uploads\/2018\/07\/CFD-FEA-SERVICE-Compact.png?fit=677%2C178&ssl=1\",\"width\":677,\"height\":178,\"caption\":\"CFD FEA SERVICE SRL\"},\"image\":{\"@id\":\"https:\/\/test.cfdfeaservice.it\/#logo\"}},{\"@type\":\"WebSite\",\"@id\":\"https:\/\/test.cfdfeaservice.it\/#website\",\"url\":\"https:\/\/test.cfdfeaservice.it\/\",\"name\":\"CFD FEA\/FEM Service\",\"description\":\"Servizi di ingegneria 4.0\",\"publisher\":{\"@id\":\"https:\/\/test.cfdfeaservice.it\/#organization\"},\"potentialAction\":[{\"@type\":\"SearchAction\",\"target\":\"https:\/\/test.cfdfeaservice.it\/?s={search_term_string}\",\"query-input\":\"required name=search_term_string\"}],\"inLanguage\":\"en-GB\"},{\"@type\":\"WebPage\",\"@id\":\"https:\/\/test.cfdfeaservice.it\/index.php\/2020\/10\/07\/gli-eventi-2020-organizzati-dalla-commissione-infrastrutture-e-trasporti\/#webpage\",\"url\":\"https:\/\/test.cfdfeaservice.it\/index.php\/2020\/10\/07\/gli-eventi-2020-organizzati-dalla-commissione-infrastrutture-e-trasporti\/\",\"name\":\"Gli eventi 2020 organizzati dalla Commissione Infrastrutture e Trasporti - CFD FEA\/FEM Service\",\"isPartOf\":{\"@id\":\"https:\/\/test.cfdfeaservice.it\/#website\"},\"datePublished\":\"2020-10-07T01:01:25+00:00\",\"dateModified\":\"2020-10-07T01:01:25+00:00\",\"inLanguage\":\"en-GB\",\"potentialAction\":[{\"@type\":\"ReadAction\",\"target\":[\"https:\/\/test.cfdfeaservice.it\/index.php\/2020\/10\/07\/gli-eventi-2020-organizzati-dalla-commissione-infrastrutture-e-trasporti\/\"]}]},{\"@type\":\"Article\",\"@id\":\"https:\/\/test.cfdfeaservice.it\/index.php\/2020\/10\/07\/gli-eventi-2020-organizzati-dalla-commissione-infrastrutture-e-trasporti\/#article\",\"isPartOf\":{\"@id\":\"https:\/\/test.cfdfeaservice.it\/index.php\/2020\/10\/07\/gli-eventi-2020-organizzati-dalla-commissione-infrastrutture-e-trasporti\/#webpage\"},\"author\":{\"@id\":\"https:\/\/test.cfdfeaservice.it\/#\/schema\/person\/c3b6ebdd7f80794fe6e6657f2f5335e7\"},\"headline\":\"Gli eventi 2020 organizzati dalla Commissione Infrastrutture e Trasporti\",\"datePublished\":\"2020-10-07T01:01:25+00:00\",\"dateModified\":\"2020-10-07T01:01:25+00:00\",\"mainEntityOfPage\":{\"@id\":\"https:\/\/test.cfdfeaservice.it\/index.php\/2020\/10\/07\/gli-eventi-2020-organizzati-dalla-commissione-infrastrutture-e-trasporti\/#webpage\"},\"publisher\":{\"@id\":\"https:\/\/test.cfdfeaservice.it\/#organization\"},\"articleSection\":\"Ordini\",\"inLanguage\":\"en-GB\"},{\"@type\":\"Person\",\"@id\":\"https:\/\/test.cfdfeaservice.it\/#\/schema\/person\/c3b6ebdd7f80794fe6e6657f2f5335e7\",\"name\":\"CFD FEA SERVICE\",\"image\":{\"@type\":\"ImageObject\",\"@id\":\"https:\/\/test.cfdfeaservice.it\/#personlogo\",\"inLanguage\":\"en-GB\",\"url\":\"https:\/\/secure.gravatar.com\/avatar\/a34dbcf675cd4152f1184664b3adcb72?s=96&d=mm&r=g\",\"caption\":\"CFD FEA SERVICE\"}}]}<\/script>\n<!-- \/ Yoast SEO plugin. -->","jetpack_shortlink":"https:\/\/wp.me\/p9JrPq-5a9","jetpack_sharing_enabled":true,"_links":{"self":[{"href":"https:\/\/test.cfdfeaservice.it\/index.php\/wp-json\/wp\/v2\/posts\/19849"}],"collection":[{"href":"https:\/\/test.cfdfeaservice.it\/index.php\/wp-json\/wp\/v2\/posts"}],"about":[{"href":"https:\/\/test.cfdfeaservice.it\/index.php\/wp-json\/wp\/v2\/types\/post"}],"author":[{"embeddable":true,"href":"https:\/\/test.cfdfeaservice.it\/index.php\/wp-json\/wp\/v2\/users\/8"}],"replies":[{"embeddable":true,"href":"https:\/\/test.cfdfeaservice.it\/index.php\/wp-json\/wp\/v2\/comments?post=19849"}],"version-history":[{"count":0,"href":"https:\/\/test.cfdfeaservice.it\/index.php\/wp-json\/wp\/v2\/posts\/19849\/revisions"}],"wp:attachment":[{"href":"https:\/\/test.cfdfeaservice.it\/index.php\/wp-json\/wp\/v2\/media?parent=19849"}],"wp:term":[{"taxonomy":"category","embeddable":true,"href":"https:\/\/test.cfdfeaservice.it\/index.php\/wp-json\/wp\/v2\/categories?post=19849"},{"taxonomy":"post_tag","embeddable":true,"href":"https:\/\/test.cfdfeaservice.it\/index.php\/wp-json\/wp\/v2\/tags?post=19849"}],"curies":[{"name":"wp","href":"https:\/\/api.w.org\/{rel}","templated":true}]}}